{"id":965,"date":"2021-10-19T22:58:44","date_gmt":"2021-10-19T22:58:44","guid":{"rendered":"http:\/\/188rutaeditorial.com.ar\/?p=965"},"modified":"2021-10-29T23:07:07","modified_gmt":"2021-10-29T23:07:07","slug":"lo-que-surge-de-la-tierra","status":"publish","type":"post","link":"https:\/\/nidodevacas.com.ar\/?p=965","title":{"rendered":"Lo que surge \u00abde la tierra\u00bb"},"content":{"rendered":"<p><strong>(Arrecifes).-<\/strong> El escritor Juan Jos\u00e9 Oppizzi present\u00f3 en su ciudad un nuevo libro de su autor\u00eda: <strong>DE LA TIERRA<\/strong>, novela hist\u00f3rica publicada este a\u00f1o por la editorial rojense <strong><a href=\"https:\/\/www.facebook.com\/nidodevacasediciones\/\">Nido de Vacas<\/a><\/strong>. El encuentro tuvo lugar el s\u00e1bado 16 de octubre, ante un auditorio repleto, en la sede de la <a href=\"https:\/\/www.facebook.com\/centrovascoarrecifesedb\">Sociedad Vasca de Arrecifes<\/a>.<\/p>\n<p>El autor estuvo acompa\u00f1ado por los historiadores Roberto Le\u00f3n y Ernesto \u00abTito\u00bb Haristoy, de Carmen de Areco; por el editor y escritor <strong><a href=\"https:\/\/www.facebook.com\/federico.riveiro.7\/\">Federico Riveiro<\/a><\/strong>, por la escritora y editora <strong><a href=\"https:\/\/www.facebook.com\/marelensofia\">Mar\u00eda Elena Sof\u00eda<\/a><\/strong>, y los m\u00fasicos locales Juan <strong><a href=\"https:\/\/www.instagram.com\/pablojuantresunplugged\/\">Pablo Mujica<\/a><\/strong> y <strong><a href=\"https:\/\/www.instagram.com\/marcosggiraudo\/\">Marcos Giraudo<\/a><\/strong>, que amenizaron el encuentro con la brillante interpretaci\u00f3n de varias piezas cl\u00e1sicas.<\/p>\n<p><img loading=\"lazy\" decoding=\"async\" data-attachment-id=\"969\" data-permalink=\"https:\/\/nidodevacas.com.ar\/?attachment_id=969\" data-orig-file=\"https:\/\/nidodevacas.com.ar\/wp-content\/uploads\/2021\/10\/IMG-20211019-WA0027.jpg\" data-orig-size=\"1280,597\" data-comments-opened=\"1\" data-image-meta=\"{&quot;aperture&quot;:&quot;0&quot;,&quot;credit&quot;:&quot;&quot;,&quot;camera&quot;:&quot;&quot;,&quot;caption&quot;:&quot;&quot;,&quot;created_timestamp&quot;:&quot;0&quot;,&quot;copyright&quot;:&quot;&quot;,&quot;focal_length&quot;:&quot;0&quot;,&quot;iso&quot;:&quot;0&quot;,&quot;shutter_speed&quot;:&quot;0&quot;,&quot;title&quot;:&quot;&quot;,&quot;orientation&quot;:&quot;0&quot;}\" data-image-title=\"IMG-20211019-WA0027\" data-image-description=\"\" data-image-caption=\"\" data-large-file=\"https:\/\/nidodevacas.com.ar\/wp-content\/uploads\/2021\/10\/IMG-20211019-WA0027-1024x478.jpg\" class=\"wp-image-969 alignleft\" src=\"http:\/\/188rutaeditorial.com.ar\/wp-content\/uploads\/2021\/10\/IMG-20211019-WA0027-300x140.jpg\" alt=\"\" width=\"332\" height=\"155\" srcset=\"https:\/\/nidodevacas.com.ar\/wp-content\/uploads\/2021\/10\/IMG-20211019-WA0027-300x140.jpg 300w, https:\/\/nidodevacas.com.ar\/wp-content\/uploads\/2021\/10\/IMG-20211019-WA0027-600x280.jpg 600w, https:\/\/nidodevacas.com.ar\/wp-content\/uploads\/2021\/10\/IMG-20211019-WA0027-1024x478.jpg 1024w, https:\/\/nidodevacas.com.ar\/wp-content\/uploads\/2021\/10\/IMG-20211019-WA0027-768x358.jpg 768w, https:\/\/nidodevacas.com.ar\/wp-content\/uploads\/2021\/10\/IMG-20211019-WA0027.jpg 1280w\" sizes=\"auto, (max-width: 332px) 100vw, 332px\" \/><\/p>\n<blockquote><p>&nbsp;<\/p>\n<p><strong><a href=\"http:\/\/188rutaeditorial.com.ar\/2021\/08\/13\/de-la-tierra-juan-jose-oppizzi\/\">\u201cDe la tierra\u201d<\/a><\/strong> es una novela hist\u00f3rica que enlaza la figura de Jos\u00e9 de San Mart\u00edn con pueblos originarios de la Mesopotamia y la Patagonia. El relato expresa una din\u00e1mica de cuadros que atraviesan desde las misiones correntinas hasta la conquista del desierto, que se desarrollan a trav\u00e9s de sus hechos m\u00e1s terribles y exhiben el v\u00ednculo profundo del Libertador con los nativos.<\/p><\/blockquote>\n<p>En el transcurso de la velada, los oradores destacaron la calidad est\u00e9tica de la nueva obra de Oppizzi, y ofrecieron valiosas lecturas, desde lo literario, lo t\u00e9cnico y lo hist\u00f3rico, el rasgo sobresaliente sobre el cual el autor construy\u00f3 esta ficci\u00f3n.<\/p>\n<p><img loading=\"lazy\" decoding=\"async\" data-attachment-id=\"970\" data-permalink=\"https:\/\/nidodevacas.com.ar\/?attachment_id=970\" data-orig-file=\"https:\/\/nidodevacas.com.ar\/wp-content\/uploads\/2021\/10\/IMG-20211019-WA0002-e1635548496753.jpg\" data-orig-size=\"800,452\" data-comments-opened=\"1\" data-image-meta=\"{&quot;aperture&quot;:&quot;0&quot;,&quot;credit&quot;:&quot;&quot;,&quot;camera&quot;:&quot;&quot;,&quot;caption&quot;:&quot;&quot;,&quot;created_timestamp&quot;:&quot;0&quot;,&quot;copyright&quot;:&quot;&quot;,&quot;focal_length&quot;:&quot;0&quot;,&quot;iso&quot;:&quot;0&quot;,&quot;shutter_speed&quot;:&quot;0&quot;,&quot;title&quot;:&quot;&quot;,&quot;orientation&quot;:&quot;0&quot;}\" data-image-title=\"IMG-20211019-WA0002\" data-image-description=\"\" data-image-caption=\"\" data-large-file=\"https:\/\/nidodevacas.com.ar\/wp-content\/uploads\/2021\/10\/IMG-20211019-WA0002-1024x578.jpg\" class=\" wp-image-970 alignleft\" src=\"http:\/\/188rutaeditorial.com.ar\/wp-content\/uploads\/2021\/10\/IMG-20211019-WA0002-300x169.jpg\" alt=\"\" width=\"307\" height=\"173\" \/>\u00abDe la tierra\u201d es la vig\u00e9simosegunda publicaci\u00f3n de Oppizzi, una obra que incluye novelas, cuentos, teatro, poes\u00eda, ensayo y aforismos. Algunos de sus trabajos recibieron distinciones, como su novela \u201cPobladores del t\u00e9mpano\u201d, Primer Premio a la mejor obra narrativa del a\u00f1o 2000 por la Sociedad de Escritores de la provincia de Buenos Aires (SEP); las obras \u201cIn extremis\u201d (novela) y \u201cReverso\u201d (relatos), finalistas a la Faja de Honor 2018 de la misma entidad. Tambi\u00e9n sus libros <a href=\"http:\/\/188rutaeditorial.com.ar\/2019\/08\/01\/la-salida-juan-jose-oppizzi\/\">\u201cLa salida\u201d<\/a> (novela, 2019) y \u201cMuy cerca\u201d (cuentos, 2020) fueron finalistas en sus categor\u00edas y compitieron por la Faja de Honor de este a\u00f1o.<\/p>\n<h4><\/h4>\n<h4>Click <strong><a href=\"https:\/\/nidodevacas.blogspot.com\/2021\/10\/lo-que-surge-de-la-tierra.html\">ac\u00e1<\/a><\/strong> para m\u00e1s detalles de la presentaci\u00f3n de DE LA TIERRA en Arrecifes.<\/h4>\n<p>&nbsp;<\/p>\n<p>***<\/p>\n<h3><strong>De la tierra<\/strong><\/h3>\n<p>Juan Jos\u00e9 Oppizzi<\/p>\n<p>Novela hist\u00f3rica \u2013 Nido de Vacas, 2021.<\/p>\n<p>21 x 14,8 cms. 106 p\u00e1ginas.<\/p>\n<p>ISBN: 978-987-47084-8-9<\/p>\n<p>***<\/p>\n<p>Para comprar este libro:\u00a0<a href=\"https:\/\/nidodevacas.mercadoshops.com.ar\/MLA-932225016-de-la-tierra-juan-jose-oppizzi-_JM\" target=\"_blank\" rel=\"noopener noreferrer\"><strong>click ac\u00e1<\/strong><\/a><\/p>\n<p>&nbsp;<\/p>\n","protected":false},"excerpt":{"rendered":"<p>Juan Jos\u00e9 Oppizzi present\u00f3 en Arrecifes su libro \u00abDe la tierra\u00bb, una novela hist\u00f3rica que enlaza la figura de Jos\u00e9 de San Mart\u00edn con pueblos originarios de la Mesopotamia y la Patagonia. <\/p>\n","protected":false},"author":3,"featured_media":971,"comment_status":"open","ping_status":"open","sticky":false,"template":"","format":"standard","meta":{"_jetpack_memberships_contains_paid_content":false,"footnotes":""},"categories":[3],"tags":[14,83,85,84],"class_list":["post-965","post","type-post","status-publish","format-standard","has-post-thumbnail","hentry","category-actualidad","tag-novela","tag-novela-historica","tag-pueblos-originarios","tag-san-martin"],"jetpack_featured_media_url":"https:\/\/nidodevacas.com.ar\/wp-content\/uploads\/2021\/10\/De-la-tierra-MU1-e1635548809719.jpg","jetpack_sharing_enabled":true,"_links":{"self":[{"href":"https:\/\/nidodevacas.com.ar\/index.php?rest_route=\/wp\/v2\/posts\/965","targetHints":{"allow":["GET"]}}],"collection":[{"href":"https:\/\/nidodevacas.com.ar\/index.php?rest_route=\/wp\/v2\/posts"}],"about":[{"href":"https:\/\/nidodevacas.com.ar\/index.php?rest_route=\/wp\/v2\/types\/post"}],"author":[{"embeddable":true,"href":"https:\/\/nidodevacas.com.ar\/index.php?rest_route=\/wp\/v2\/users\/3"}],"replies":[{"embeddable":true,"href":"https:\/\/nidodevacas.com.ar\/index.php?rest_route=%2Fwp%2Fv2%2Fcomments&post=965"}],"version-history":[{"count":2,"href":"https:\/\/nidodevacas.com.ar\/index.php?rest_route=\/wp\/v2\/posts\/965\/revisions"}],"predecessor-version":[{"id":972,"href":"https:\/\/nidodevacas.com.ar\/index.php?rest_route=\/wp\/v2\/posts\/965\/revisions\/972"}],"wp:featuredmedia":[{"embeddable":true,"href":"https:\/\/nidodevacas.com.ar\/index.php?rest_route=\/wp\/v2\/media\/971"}],"wp:attachment":[{"href":"https:\/\/nidodevacas.com.ar\/index.php?rest_route=%2Fwp%2Fv2%2Fmedia&parent=965"}],"wp:term":[{"taxonomy":"category","embeddable":true,"href":"https:\/\/nidodevacas.com.ar\/index.php?rest_route=%2Fwp%2Fv2%2Fcategories&post=965"},{"taxonomy":"post_tag","embeddable":true,"href":"https:\/\/nidodevacas.com.ar\/index.php?rest_route=%2Fwp%2Fv2%2Ftags&post=965"}],"curies":[{"name":"wp","href":"https:\/\/api.w.org\/{rel}","templated":true}]}}