{"id":893,"date":"2021-10-01T21:42:29","date_gmt":"2021-10-01T21:42:29","guid":{"rendered":"http:\/\/188rutaeditorial.com.ar\/?p=893"},"modified":"2021-10-01T21:46:50","modified_gmt":"2021-10-01T21:46:50","slug":"la-rumanidad-al-palo","status":"publish","type":"post","link":"https:\/\/nidodevacas.com.ar\/?p=893","title":{"rendered":"La rumanidad, al palo"},"content":{"rendered":"<p><a href=\"http:\/\/188rutaeditorial.com.ar\/wp-content\/uploads\/2021\/10\/tapa_levante.jpg\"><img loading=\"lazy\" decoding=\"async\" data-attachment-id=\"895\" data-permalink=\"https:\/\/nidodevacas.com.ar\/?attachment_id=895\" data-orig-file=\"https:\/\/nidodevacas.com.ar\/wp-content\/uploads\/2021\/10\/tapa_levante.jpg\" data-orig-size=\"1000,1522\" data-comments-opened=\"1\" data-image-meta=\"{&quot;aperture&quot;:&quot;0&quot;,&quot;credit&quot;:&quot;&quot;,&quot;camera&quot;:&quot;&quot;,&quot;caption&quot;:&quot;&quot;,&quot;created_timestamp&quot;:&quot;0&quot;,&quot;copyright&quot;:&quot;&quot;,&quot;focal_length&quot;:&quot;0&quot;,&quot;iso&quot;:&quot;0&quot;,&quot;shutter_speed&quot;:&quot;0&quot;,&quot;title&quot;:&quot;&quot;,&quot;orientation&quot;:&quot;0&quot;}\" data-image-title=\"tapa_levante\" data-image-description=\"\" data-image-caption=\"\" data-large-file=\"https:\/\/nidodevacas.com.ar\/wp-content\/uploads\/2021\/10\/tapa_levante-673x1024.jpg\" class=\"alignleft wp-image-895 size-medium\" src=\"http:\/\/188rutaeditorial.com.ar\/wp-content\/uploads\/2021\/10\/tapa_levante-197x300.jpg\" alt=\"\" width=\"197\" height=\"300\" srcset=\"https:\/\/nidodevacas.com.ar\/wp-content\/uploads\/2021\/10\/tapa_levante-197x300.jpg 197w, https:\/\/nidodevacas.com.ar\/wp-content\/uploads\/2021\/10\/tapa_levante-600x913.jpg 600w, https:\/\/nidodevacas.com.ar\/wp-content\/uploads\/2021\/10\/tapa_levante-673x1024.jpg 673w, https:\/\/nidodevacas.com.ar\/wp-content\/uploads\/2021\/10\/tapa_levante-768x1169.jpg 768w, https:\/\/nidodevacas.com.ar\/wp-content\/uploads\/2021\/10\/tapa_levante.jpg 1000w\" sizes=\"auto, (max-width: 197px) 100vw, 197px\" \/><\/a> <em>Acerca del libro El Levante (1990) de Mircea C\u0103rt\u0103rescu (edici\u00f3n castellana de Editorial Impedimenta, 2015).<\/em><\/p>\n<p><strong>Por Henry B\u00e9jar*<\/strong><\/p>\n<p class=\"western\" align=\"justify\"><span style=\"font-size: large;\"><br \/>\nEl tema del comunismo y la idea de libertad recorren toda la obra del rumano Mircea C\u0103rt\u0103rescu\u00a0 (Bucarest, 1956). Por supuesto, en t\u00e9rminos comerciales, la etiqueta es atractiva, en especial para una Europa que a\u00fan disfruta asustarse ante los espectros del totalitarismo. De hecho, cuando la prensa extranjera pregunta por los gitanos, diplom\u00e1ticamente, el propio C\u0103rt\u0103rescu contesta que son \u201cun pueblo interesante\u201d, aunque tambi\u00e9n enviar\u00e1 a su guardaespaldas si en una firma de libros ve a alg\u00fan chico coloradito. C\u0103rt\u0103rescu, por lo tanto, trata a los gitanos con el mismo desd\u00e9n que cualquier otro rumano. Y <em>El levante<\/em> (1990) es un libro que habla de eso: la rumanidad, su rumanidad.<\/span><\/p>\n<p class=\"western\" align=\"justify\"><span style=\"font-size: large;\"><br \/>\nConsiderada una de las cimas de la poes\u00eda rumana y, para algunos, de la poes\u00eda europea, <em>El levante<\/em> consta de doce cantos acerca de una puesta en escena teatral que pronto se convierte en una parodia metaliteraria al estilo de una caja china, donde una historia funciona dentro de otra. El personaje principal es el narrador Mircea C\u0103rt\u0103rescu, otro personaje es Manoil, el so\u00f1ador libertario, junto a su hermana Zenaida, que son valacos; por otro lado est\u00e1 Yogurta el pirata, un arumano griego; Languedoc, un franc\u00e9s; y Iancu Aricescu y Leonidas, el antrop\u00f3fago y su mono. Todos se unen por la libertad de Valaquia, \u201ceste pueblo esclavizado que no puede soportar m\u00e1s las vilezas y los saqueos del griego y de sus malditas v\u00edboras\u201d bajo un tirano con un doble status. Pero el tirano, nos dice <em>El levante<\/em>, siempre estuvo dentro, pues quienes realmente han vendido al pa\u00eds, ayer y hoy, son las mismas autoridades rumanas, y por eso en la novela la figura del h\u00e9roe que lucha por la libertad es, tambi\u00e9n, el que ha traicionado a la patria.<\/span><\/p>\n<p class=\"western\" align=\"justify\"><span style=\"font-size: large;\"><br \/>\n<a href=\"http:\/\/188rutaeditorial.com.ar\/wp-content\/uploads\/2021\/10\/cartarescu_1.jpg\"><img loading=\"lazy\" decoding=\"async\" data-attachment-id=\"896\" data-permalink=\"https:\/\/nidodevacas.com.ar\/?attachment_id=896\" data-orig-file=\"https:\/\/nidodevacas.com.ar\/wp-content\/uploads\/2021\/10\/cartarescu_1.jpg\" data-orig-size=\"620,349\" data-comments-opened=\"1\" data-image-meta=\"{&quot;aperture&quot;:&quot;0&quot;,&quot;credit&quot;:&quot;&quot;,&quot;camera&quot;:&quot;&quot;,&quot;caption&quot;:&quot;&quot;,&quot;created_timestamp&quot;:&quot;0&quot;,&quot;copyright&quot;:&quot;&quot;,&quot;focal_length&quot;:&quot;0&quot;,&quot;iso&quot;:&quot;0&quot;,&quot;shutter_speed&quot;:&quot;0&quot;,&quot;title&quot;:&quot;&quot;,&quot;orientation&quot;:&quot;0&quot;}\" data-image-title=\"cartarescu_1\" data-image-description=\"\" data-image-caption=\"\" data-large-file=\"https:\/\/nidodevacas.com.ar\/wp-content\/uploads\/2021\/10\/cartarescu_1.jpg\" class=\"aligncenter size-full wp-image-896\" src=\"http:\/\/188rutaeditorial.com.ar\/wp-content\/uploads\/2021\/10\/cartarescu_1.jpg\" alt=\"\" width=\"620\" height=\"349\" srcset=\"https:\/\/nidodevacas.com.ar\/wp-content\/uploads\/2021\/10\/cartarescu_1.jpg 620w, https:\/\/nidodevacas.com.ar\/wp-content\/uploads\/2021\/10\/cartarescu_1-600x338.jpg 600w, https:\/\/nidodevacas.com.ar\/wp-content\/uploads\/2021\/10\/cartarescu_1-300x169.jpg 300w\" sizes=\"auto, (max-width: 620px) 100vw, 620px\" \/><\/a><\/span><\/p>\n<p class=\"western\" align=\"justify\"><span style=\"font-size: large;\"><br \/>\nEn los distintos cap\u00edtulos de esta historia, por otro lado, se despliegan las leyendas, los dichos y los hechos hist\u00f3ricos novelados sobre el ser rumano o, al menos, sobre lo que El levante quiere decirnos que es el ser rumano. Es por eso por lo que, entre otros elementos t\u00edpicos, Manoil representa a los h\u00e9roes nacionales que lucharon contra el Imperio Otomano y Zenaida las contradicciones e inestabilidades femeninas que bien conoce C\u0103rt\u0103rescu (pues tiene otro libro dedicado a la mujer rumana, <em>\u00bfPor qu\u00e9 nos gustan las mujeres?<\/em>).<\/span><\/p>\n<p class=\"western\" align=\"justify\"><span style=\"font-size: large;\"><br \/>\n<a href=\"http:\/\/188rutaeditorial.com.ar\/wp-content\/uploads\/2021\/10\/cartarescu_3.jpg\"><img loading=\"lazy\" decoding=\"async\" data-attachment-id=\"894\" data-permalink=\"https:\/\/nidodevacas.com.ar\/?attachment_id=894\" data-orig-file=\"https:\/\/nidodevacas.com.ar\/wp-content\/uploads\/2021\/10\/cartarescu_3.jpg\" data-orig-size=\"664,442\" data-comments-opened=\"1\" data-image-meta=\"{&quot;aperture&quot;:&quot;0&quot;,&quot;credit&quot;:&quot;Thomas Haugersveen \/ Agence VU&quot;,&quot;camera&quot;:&quot;&quot;,&quot;caption&quot;:&quot;Romania, Bucharest, February 2nd 2010\\nView form a balcony in Bucharest, Romania.\\n\\nBucarest, Roumanie, 2 F\\u00e9vrier 2010\\nVue d&#039;un balcon \\u00e0 Bucarest. \\n\\nThomas Haugersveen \/ Agence VU&quot;,&quot;created_timestamp&quot;:&quot;0&quot;,&quot;copyright&quot;:&quot;Thomas Haugersveen \/ Agence VU&quot;,&quot;focal_length&quot;:&quot;0&quot;,&quot;iso&quot;:&quot;0&quot;,&quot;shutter_speed&quot;:&quot;0&quot;,&quot;title&quot;:&quot;Romania, 2010&quot;,&quot;orientation&quot;:&quot;0&quot;}\" data-image-title=\"Romania, 2010\" data-image-description=\"\" data-image-caption=\"\" data-large-file=\"https:\/\/nidodevacas.com.ar\/wp-content\/uploads\/2021\/10\/cartarescu_3.jpg\" class=\"aligncenter size-full wp-image-894\" src=\"http:\/\/188rutaeditorial.com.ar\/wp-content\/uploads\/2021\/10\/cartarescu_3.jpg\" alt=\"\" width=\"664\" height=\"442\" srcset=\"https:\/\/nidodevacas.com.ar\/wp-content\/uploads\/2021\/10\/cartarescu_3.jpg 664w, https:\/\/nidodevacas.com.ar\/wp-content\/uploads\/2021\/10\/cartarescu_3-600x399.jpg 600w, https:\/\/nidodevacas.com.ar\/wp-content\/uploads\/2021\/10\/cartarescu_3-300x200.jpg 300w\" sizes=\"auto, (max-width: 664px) 100vw, 664px\" \/><\/a><\/span><\/p>\n<p class=\"western\" align=\"justify\"><span style=\"font-size: large;\"><br \/>\nEscrito en su lengua original en versos con intervenciones de un narrador, <em>El levante<\/em> resulta casi intraducible a cualquier otro idioma. En rumano, el libro es preciosista, po\u00e9tico y sobre todo \u201cposmoderno\u201d, como lo llamaron desde su publicaci\u00f3n, ya que habla acerca de su propio proceso de escritura, se involucra en distintos grados de metaficci\u00f3n y pastiches, juega con la intertextualidad y no le escapa al humor ni a la iron\u00eda. Pero tambi\u00e9n hay que decir que si el posmodernismo apareci\u00f3 en la d\u00e9cada de los sesenta, C\u0103rt\u0103rescu escribi\u00f3 su libro en los noventa, es decir, cuando Rumania ya hab\u00eda salido del comunismo junto a una generaci\u00f3n llamada \u201cGeneratia in bluge\u00bb (generaci\u00f3n en blue jeans), que compraba de manera clandestina libros y pel\u00edculas occidentales. C\u0103rt\u0103rescu, por lo tanto, escribi\u00f3 un libro \u201ca la altura\u00bb de Occidente, a\u00fan si esto significaba volverse inaccesible a muchos lectores rumanos. Pero, \u00bfEl levante es \u201cposmoderno\u201d traducido al castellano?<\/span><\/p>\n<p class=\"western\" align=\"justify\"><span style=\"font-size: large;\"><br \/>\nEl mismo libro se delata cuando, en el segundo canto, se menciona a Jorge Luis Borges, cuya referencia aclara las intenciones y la estructura. En el primer canto se lee: \u201c\u00bfC\u00f3mo es que tu ojo de brillos ambarinos no ve la noche que colma mi pecho, la congoja que invade mi mente desde que despert\u00e9 de mi letargo y comprend\u00ed que soy rumano?\u201d. Sin embargo, lo que en la versi\u00f3n castellana se presenta como interrogaci\u00f3n, en rumano es un reniego de tristeza profunda entre signos de admiraci\u00f3n.<em> El levante<\/em> conserva mucho de los elementos de novela posmoderna en la versi\u00f3n castellana, pero sabe \u201cdescafeinado\u201d de su versi\u00f3n rumana, para lo cual habr\u00eda que aprender rumano, y eso es casi imposible para el gran p\u00fablico.<\/span><\/p>\n<p class=\"western\" align=\"justify\"><span style=\"font-size: large;\"><\/p>\n<p><a href=\"http:\/\/188rutaeditorial.com.ar\/wp-content\/uploads\/2021\/10\/cartarescu_2.jpg\"><img loading=\"lazy\" decoding=\"async\" data-attachment-id=\"897\" data-permalink=\"https:\/\/nidodevacas.com.ar\/?attachment_id=897\" data-orig-file=\"https:\/\/nidodevacas.com.ar\/wp-content\/uploads\/2021\/10\/cartarescu_2.jpg\" data-orig-size=\"2048,1365\" data-comments-opened=\"1\" data-image-meta=\"{&quot;aperture&quot;:&quot;0&quot;,&quot;credit&quot;:&quot;&quot;,&quot;camera&quot;:&quot;&quot;,&quot;caption&quot;:&quot;&quot;,&quot;created_timestamp&quot;:&quot;0&quot;,&quot;copyright&quot;:&quot;&quot;,&quot;focal_length&quot;:&quot;0&quot;,&quot;iso&quot;:&quot;0&quot;,&quot;shutter_speed&quot;:&quot;0&quot;,&quot;title&quot;:&quot;&quot;,&quot;orientation&quot;:&quot;0&quot;}\" data-image-title=\"cartarescu_2\" data-image-description=\"\" data-image-caption=\"\" data-large-file=\"https:\/\/nidodevacas.com.ar\/wp-content\/uploads\/2021\/10\/cartarescu_2-1024x683.jpg\" class=\"aligncenter size-large wp-image-897\" src=\"http:\/\/188rutaeditorial.com.ar\/wp-content\/uploads\/2021\/10\/cartarescu_2-1024x683.jpg\" alt=\"\" width=\"800\" height=\"534\" srcset=\"https:\/\/nidodevacas.com.ar\/wp-content\/uploads\/2021\/10\/cartarescu_2-1024x683.jpg 1024w, https:\/\/nidodevacas.com.ar\/wp-content\/uploads\/2021\/10\/cartarescu_2-600x400.jpg 600w, https:\/\/nidodevacas.com.ar\/wp-content\/uploads\/2021\/10\/cartarescu_2-300x200.jpg 300w, https:\/\/nidodevacas.com.ar\/wp-content\/uploads\/2021\/10\/cartarescu_2-768x512.jpg 768w, https:\/\/nidodevacas.com.ar\/wp-content\/uploads\/2021\/10\/cartarescu_2-1536x1024.jpg 1536w, https:\/\/nidodevacas.com.ar\/wp-content\/uploads\/2021\/10\/cartarescu_2.jpg 2048w\" sizes=\"auto, (max-width: 800px) 100vw, 800px\" \/><\/a><\/span><\/p>\n<p class=\"western\" align=\"justify\"><span style=\"font-size: large;\"><br \/>\nMarcado por una relaci\u00f3n de amor-odio con Occidente, <em>El levante<\/em> insiste en que la rumanidad es una puesta en escena, si bien fuera de Rumania lo primero de lo que se habla es del comunismo, es decir, de lo que <em>El levante <\/em>dice sobre el r\u00e9gimen pol\u00edtico anterior a su publicaci\u00f3n. Es verdad que el libro, incluso en su versi\u00f3n rumana, habla de totalitarismo (al menos en la vida real rumana, y no solo porque los jefes comunistas todav\u00eda contin\u00faan en el poder), y es por eso por lo que C\u0103rt\u0103rescu, hasta hoy, no se pronuncia con firmeza contra el gobierno ni toma posici\u00f3n como su admirado Vargas Llosa. La referencia hist\u00f3rica de los \u201cvaivodas\u201d del pasado rumano, que explotaban al pueblo valaco, hace que muchos lectores (y sobre todo cr\u00edticos) piensen que habla del comunismo, aunque basta leer el pr\u00f3logo en la versi\u00f3n castellana para destejer el equ\u00edvoco. Por otro lado, al referirse al totalitarismo, habla de un tirano que ejerce un poder que coloca en juego la libertad, \u00bfy no hace esto que el libro se pueda leer a\u00fan ahora?<\/span><\/p>\n<hr \/>\n<p>* Graduado en Derecho; m\u00e1ster en Arbitraje internacional Comercial | Twitter: <a href=\"https:\/\/twitter.com\/Henry_Bejar\" rel=\"noopener\" target=\"_blank\">@Henry_Bejar<\/a><\/p>\n","protected":false},"excerpt":{"rendered":"<p>La obra del rumano Mircea C\u0103rt\u0103rescu\u00a0 (Bucarest, 1956) se abre un camino global no solo a partir de los premios sino tambi\u00e9n por la ramificaci\u00f3n de traducciones que va logrando. Henry B\u00e9jar analiza en este art\u00edculo el libro \u00abEl levante\u00bb (1990), un libro que habla de la rumanidad, o mejor dicho \u00absu rumanidad\u00bb.  <\/p>\n","protected":false},"author":1,"featured_media":894,"comment_status":"open","ping_status":"open","sticky":false,"template":"","format":"standard","meta":{"_jetpack_memberships_contains_paid_content":false,"footnotes":""},"categories":[6],"tags":[12],"class_list":["post-893","post","type-post","status-publish","format-standard","has-post-thumbnail","hentry","category-critica","tag-poesia"],"jetpack_featured_media_url":"https:\/\/nidodevacas.com.ar\/wp-content\/uploads\/2021\/10\/cartarescu_3.jpg","jetpack_sharing_enabled":true,"_links":{"self":[{"href":"https:\/\/nidodevacas.com.ar\/index.php?rest_route=\/wp\/v2\/posts\/893","targetHints":{"allow":["GET"]}}],"collection":[{"href":"https:\/\/nidodevacas.com.ar\/index.php?rest_route=\/wp\/v2\/posts"}],"about":[{"href":"https:\/\/nidodevacas.com.ar\/index.php?rest_route=\/wp\/v2\/types\/post"}],"author":[{"embeddable":true,"href":"https:\/\/nidodevacas.com.ar\/index.php?rest_route=\/wp\/v2\/users\/1"}],"replies":[{"embeddable":true,"href":"https:\/\/nidodevacas.com.ar\/index.php?rest_route=%2Fwp%2Fv2%2Fcomments&post=893"}],"version-history":[{"count":7,"href":"https:\/\/nidodevacas.com.ar\/index.php?rest_route=\/wp\/v2\/posts\/893\/revisions"}],"predecessor-version":[{"id":904,"href":"https:\/\/nidodevacas.com.ar\/index.php?rest_route=\/wp\/v2\/posts\/893\/revisions\/904"}],"wp:featuredmedia":[{"embeddable":true,"href":"https:\/\/nidodevacas.com.ar\/index.php?rest_route=\/wp\/v2\/media\/894"}],"wp:attachment":[{"href":"https:\/\/nidodevacas.com.ar\/index.php?rest_route=%2Fwp%2Fv2%2Fmedia&parent=893"}],"wp:term":[{"taxonomy":"category","embeddable":true,"href":"https:\/\/nidodevacas.com.ar\/index.php?rest_route=%2Fwp%2Fv2%2Fcategories&post=893"},{"taxonomy":"post_tag","embeddable":true,"href":"https:\/\/nidodevacas.com.ar\/index.php?rest_route=%2Fwp%2Fv2%2Ftags&post=893"}],"curies":[{"name":"wp","href":"https:\/\/api.w.org\/{rel}","templated":true}]}}