{"id":847,"date":"2021-08-13T13:10:59","date_gmt":"2021-08-13T13:10:59","guid":{"rendered":"http:\/\/188rutaeditorial.com.ar\/?p=847"},"modified":"2025-12-15T10:32:04","modified_gmt":"2025-12-15T13:32:04","slug":"de-la-tierra-juan-jose-oppizzi","status":"publish","type":"post","link":"https:\/\/nidodevacas.com.ar\/?p=847","title":{"rendered":"De la tierra &#8211; Juan Jos\u00e9 Oppizzi"},"content":{"rendered":"<h2><span style=\"color: #00ff00;\"><strong>De la tierra<\/strong><\/span><\/h2>\n<h3>.<\/h3>\n<h3><span style=\"color: #000000;\">Juan Jos\u00e9 Oppizzi<\/span><\/h3>\n<p><span style=\"color: #000000;\">.<\/span><\/p>\n<p><span style=\"color: #000000;\"><strong>ISBN: <\/strong>978-987-47084-8-9<\/span><\/p>\n<p><span style=\"color: #000000;\"><strong>Colecci\u00f3n: <\/strong>Cicatrices\/6<\/span><\/p>\n<p><span style=\"color: #000000;\"><strong>Categor\u00eda: <\/strong>Narrativa Contempor\u00e1nea<\/span><\/p>\n<p><span style=\"color: #000000;\"><strong>G\u00e9nero: <\/strong>Novela hist\u00f3rica<\/span><\/p>\n<p><span style=\"color: #000000;\"><strong>A\u00f1o de publicaci\u00f3n: <\/strong>2021<\/span><\/p>\n<p><span style=\"color: #000000;\"><strong>Cantidad de p\u00e1ginas: <\/strong>106<\/span><\/p>\n<p><span style=\"color: #000000;\"><strong>Medidas: <\/strong>21 x 14,8 cm<\/span><\/p>\n<p><span style=\"color: #000000;\"><strong>Peso: <\/strong>0,35 kg.<\/span><\/p>\n<p><span style=\"color: #000000;\"><strong>Formato: <\/strong>R\u00fastica<\/span><\/p>\n<p><span style=\"color: #000000;\"><strong>Descripci\u00f3n: <\/strong>La figura de Jos\u00e9 Francisco de San Mart\u00edn y Matorras es enigm\u00e1tica. Pese a que \u2013por el lugar que ocupa en el pante\u00f3n heroico argentino\u2013 resulta una de las que m\u00e1s discursos, art\u00edculos, ensayos y opiniones congregan, hay en su trayectoria y en su persona \u00e1ngulos que permanecen en la inc\u00f3gnita. Fueron su misma idiosincrasia reservada y el dogmatismo de la vieja historiograf\u00eda algunos de los factores que confluyeron para darle esa caracter\u00edstica. Afortunadamente, el estudio general de la historia evolucion\u00f3 hacia la disoluci\u00f3n de los perfiles estatuarios en los pr\u00f3ceres. Hoy ya es posible conocer algunos otros aspectos del pensamiento y de la vida del hombre de Yapey\u00fa, bastante alejadas de las asfixiantes armaduras de bronce.<\/span><\/p>\n<p><span style=\"color: #000000;\"><em>De la tierra<\/em> expresa una din\u00e1mica de cuadros que recorren la historia nacional, ubicando a San Mart\u00edn en circunstancias que juegan entre la realidad y la conjetura. \u00c9l es el hilo que por motivos diferentes enlaza a algunos pueblos originarios: los guaran\u00edes de la Mesopotamia; los araucanos y tehuelches de la Patagonia. Aunque distantes en el tiempo, las acciones para el sometimiento exterminador de esas comunidades se ven reflejadas crudamente en esta novela. El trato en las Misiones correntinas y la sure\u00f1a \u201cConquista del desierto\u201d se desarrollan ante los ojos del lector a trav\u00e9s de sus hechos m\u00e1s terribles.<\/span><\/p>\n<p><span style=\"color: #000000;\">Con esos trasfondos, la imagen del Libertador de Am\u00e9rica emerge desde un v\u00ednculo profundo con los nativos; tan profundo, que la sola menci\u00f3n de sus probables fundamentos siempre despert\u00f3 el rechazo airado en los criterios tradicionales.<\/span><\/p>\n<p class=\"p1\"><i>\u00a0<\/i><\/p>\n<p><span style=\"color: #000000;\"><strong>***<\/strong><\/span><\/p>\n<p><span style=\"font-size: revert; color: #000000;\"><span style=\"color: #000000;\"><span style=\"color: #0000ff;\"><strong><a style=\"color: #0000ff;\" href=\"https:\/\/nidodevacas.empretienda.com.ar\/\">Comprar este libro<\/a> <\/strong><\/span>en nuestra tienda virtual<\/span><\/span><\/p>\n<p><span style=\"color: #000000;\"><strong>***<\/strong><\/span><\/p>\n<p>&nbsp;<\/p>\n","protected":false},"excerpt":{"rendered":"<p>De la tierra expresa una din\u00e1mica de cuadros que recorren la historia nacional, ubicando a San Mart\u00edn en circunstancias que juegan entre la realidad y la conjetura. \u00c9l es el hilo que por motivos diferentes enlaza a algunos pueblos originarios: los guaran\u00edes de la Mesopotamia; los araucanos y tehuelches de la Patagonia.<\/p>\n","protected":false},"author":3,"featured_media":1861,"comment_status":"open","ping_status":"open","sticky":false,"template":"","format":"standard","meta":{"_jetpack_memberships_contains_paid_content":false,"footnotes":""},"categories":[137,131],"tags":[145,14,83,85,84],"class_list":["post-847","post","type-post","status-publish","format-standard","has-post-thumbnail","hentry","category-narrativa","category-catalogo","tag-juan-jose-oppizzi","tag-novela","tag-novela-historica","tag-pueblos-originarios","tag-san-martin"],"jetpack_featured_media_url":"https:\/\/nidodevacas.com.ar\/wp-content\/uploads\/2021\/08\/De-la-tierra-MU1-e1730561079844.png","jetpack_sharing_enabled":true,"_links":{"self":[{"href":"https:\/\/nidodevacas.com.ar\/index.php?rest_route=\/wp\/v2\/posts\/847","targetHints":{"allow":["GET"]}}],"collection":[{"href":"https:\/\/nidodevacas.com.ar\/index.php?rest_route=\/wp\/v2\/posts"}],"about":[{"href":"https:\/\/nidodevacas.com.ar\/index.php?rest_route=\/wp\/v2\/types\/post"}],"author":[{"embeddable":true,"href":"https:\/\/nidodevacas.com.ar\/index.php?rest_route=\/wp\/v2\/users\/3"}],"replies":[{"embeddable":true,"href":"https:\/\/nidodevacas.com.ar\/index.php?rest_route=%2Fwp%2Fv2%2Fcomments&post=847"}],"version-history":[{"count":7,"href":"https:\/\/nidodevacas.com.ar\/index.php?rest_route=\/wp\/v2\/posts\/847\/revisions"}],"predecessor-version":[{"id":2884,"href":"https:\/\/nidodevacas.com.ar\/index.php?rest_route=\/wp\/v2\/posts\/847\/revisions\/2884"}],"wp:featuredmedia":[{"embeddable":true,"href":"https:\/\/nidodevacas.com.ar\/index.php?rest_route=\/wp\/v2\/media\/1861"}],"wp:attachment":[{"href":"https:\/\/nidodevacas.com.ar\/index.php?rest_route=%2Fwp%2Fv2%2Fmedia&parent=847"}],"wp:term":[{"taxonomy":"category","embeddable":true,"href":"https:\/\/nidodevacas.com.ar\/index.php?rest_route=%2Fwp%2Fv2%2Fcategories&post=847"},{"taxonomy":"post_tag","embeddable":true,"href":"https:\/\/nidodevacas.com.ar\/index.php?rest_route=%2Fwp%2Fv2%2Ftags&post=847"}],"curies":[{"name":"wp","href":"https:\/\/api.w.org\/{rel}","templated":true}]}}