{"id":831,"date":"2021-07-30T00:09:04","date_gmt":"2021-07-30T00:09:04","guid":{"rendered":"http:\/\/188rutaeditorial.com.ar\/?p=831"},"modified":"2021-07-30T00:09:04","modified_gmt":"2021-07-30T00:09:04","slug":"anticipo-del-libro-sedimentos-de-hernan-carbonel","status":"publish","type":"post","link":"https:\/\/nidodevacas.com.ar\/?p=831","title":{"rendered":"Anticipo del libro \u00abSedimentos\u00bb, de Hern\u00e1n Carbonel"},"content":{"rendered":"<p><strong><img loading=\"lazy\" decoding=\"async\" data-attachment-id=\"836\" data-permalink=\"https:\/\/nidodevacas.com.ar\/?attachment_id=836\" data-orig-file=\"https:\/\/nidodevacas.com.ar\/wp-content\/uploads\/2021\/07\/Sedimentos.jpg-e1627515570315.jpeg\" data-orig-size=\"600,849\" data-comments-opened=\"1\" data-image-meta=\"{&quot;aperture&quot;:&quot;0&quot;,&quot;credit&quot;:&quot;&quot;,&quot;camera&quot;:&quot;&quot;,&quot;caption&quot;:&quot;&quot;,&quot;created_timestamp&quot;:&quot;0&quot;,&quot;copyright&quot;:&quot;&quot;,&quot;focal_length&quot;:&quot;0&quot;,&quot;iso&quot;:&quot;0&quot;,&quot;shutter_speed&quot;:&quot;0&quot;,&quot;title&quot;:&quot;&quot;,&quot;orientation&quot;:&quot;0&quot;}\" data-image-title=\"Sedimentos.jpg\" data-image-description=\"\" data-image-caption=\"\" data-large-file=\"https:\/\/nidodevacas.com.ar\/wp-content\/uploads\/2021\/07\/Sedimentos.jpg-724x1024.jpeg\" class=\"size-medium wp-image-836 alignleft\" src=\"http:\/\/188rutaeditorial.com.ar\/wp-content\/uploads\/2021\/07\/Sedimentos.jpg-212x300.jpeg\" alt=\"\" width=\"212\" height=\"300\" \/>Sedimentos<\/strong>\u00a0es una antolog\u00eda de art\u00edculos period\u00edsticos y tambi\u00e9n una colecci\u00f3n de \u00abdespojos de una forma de la literatura\u00bb, como el propio autor la define. O como se\u00f1alan en el diario La Gaceta, \u00abuna fiesta para lectores entrenados y tambi\u00e9n una colecci\u00f3n de amables puertas para entrar por primera vez en grandes obras\u00bb.<\/p>\n<p>Publicado por la editorial tucumana <strong><a href=\"http:\/\/lapapa.online\/\">La Papa<\/a><\/strong> en formato digital, en este libro merodean voces y recuerdos, escritores, obras y artistas, pero sobre todo el resultado de un ejercicio apasionado por la lectura, que sale al rescate de lo fragmentario, lo anecd\u00f3tico y lo que yace en las profundidades de los textos, como una forma de revisi\u00f3n de la literatura sin salir de la literatura.<\/p>\n<p>Como anticipo, compartimos las palabras que abren el libro:<\/p>\n<p>&nbsp;<\/p>\n<p>***<\/p>\n<h5><\/h5>\n<h5>Palabras previas<\/h5>\n<p><span style=\"font-weight: 400;\">\u00bfPor qu\u00e9 <\/span><i><span style=\"font-weight: 400;\">Sedimentos<\/span><\/i><span style=\"font-weight: 400;\">? Porque son los restos de algo, un remanente, lo que drena el r\u00edo hacia las orillas. Despojos de una forma de la literatura, en este caso; de una literatura ajena, sobre todo.<\/span><\/p>\n<p><span style=\"font-weight: 400;\">Art\u00edculos, entrevistas, rese\u00f1as, homenajes, ensayos breves. De eso se trata. G\u00e9neros conmensurables, aptos para la regla del arquitecto o el cent\u00edmetro del costurero (o mejor: del editor); esqueleto y sutura, cantidad de caracteres. La resultante de la pasi\u00f3n lectora, acaso su \u00fanica vanidad. Hay, en muchos de ellos, escenarios que unifican, nombres que se repiten.<\/span><\/p>\n<p><span style=\"font-weight: 400;\">Durante cuatro a\u00f1os, en Radio Pura, hoy ya fuera de aire, junto a Guillermo Valarino (propietario, switcher master) y Juan Silveyra (una especie de t\u00edo espiritual llegado a la pampa profunda desde las fauces de la metr\u00f3polis porte\u00f1a) hicimos un programa llamado \u201cMargaritas a los chanchos\u201d. \u00c9ramos felices haci\u00e9ndolo, y el nombre estaba justificado en eso en que cre\u00edamos: poner el mayor empe\u00f1o al servicio de lo in\u00fatil. Nos sali\u00f3 muy bien. Actu\u00e1bamos con una caradurez extrema y una cordura intachable: \u00e9ramos capaces de escribirle a cuanto representante de artista o artista mismo se nos cruzase, y lo peor es que nos contestaban. As\u00ed se dieron conversaciones al aire con Vicente Battista, Sylvia Iparraguirre, Adriana Varela, Guillermo Mart\u00ednez, Samanta Schweblin, N\u00e9stor Montalbano, Fernando Samalea, Ra\u00fal Porchetto, Federico Jeanmaire, Leila Guerriero, Manuel Moretti y Guillermo Saccomanno, entre tantos otros. Supimos tener dos computadoras para grabar las entrevistas, supieron romperse las dos al mismo tiempo, por lo cual perdimos registro de muchas de ellas. De aquellos a\u00f1os qued\u00f3 un proyecto trunco, el de editar un libro con las entrevistas a esos hermosos personajes. El \u201crescate emocional\u201d \u2013tal el lema del programa\u2013 se qued\u00f3 con este par de charlas paradigm\u00e1ticas: Abelardo Castillo y Diego Capusotto.\u00a0<\/span><\/p>\n<p><span style=\"font-weight: 400;\">Ambas se publicaron tambi\u00e9n, en su paso de la palabra oral a la palabra escrita, en <\/span><i><span style=\"font-weight: 400;\">La Gaceta Literaria<\/span><\/i><span style=\"font-weight: 400;\">.<\/span><\/p>\n<p><span style=\"font-weight: 400;\">A fines de 2018 me toc\u00f3 moderar una charla de Mar\u00eda Teresa Andruetto. Fue en una escuela p\u00fablica de pueblo \u2013la misma, oh azar, en la que yo hab\u00eda hecho la secundaria\u2013 frente a docentes, alumnos aspirantes a docentes y lectores curiosos. Ya era un secreto a voces su presencia en el Congreso de la Lengua de 2019. Sentarse de cara a algo m\u00e1s de \u2013para qu\u00e9 contarlos\u2013 medio centenar de personas, era apenas una abstracci\u00f3n frente a esa voz que se ir\u00eda desgranando para decir, sin decir, lo que era necesario decirse. \u201cLa Tere\u201d, como gustan llamarla los que la conocen y como ella misma gusta llamarse, es una de esos elegidos capaces de modificar el mundo a trav\u00e9s de la palabra. Si bien la charla no perteneci\u00f3 al ciclo de Margaritas a los chanchos, tiene la estructura de una entrevista y contempla el mismo esp\u00edritu.<\/span><\/p>\n<p><span style=\"font-weight: 400;\">Algo similar sucedi\u00f3 con Juan Forn. Tuve la suerte de entrevistarlo como pr\u00f3logo a un taller que dimos desde Fundaci\u00f3n La Balandra, que incluy\u00f3, adem\u00e1s, un encuentro del autor con sus lectores. Mientras correg\u00edamos la edici\u00f3n definitiva de este libro, Juan se nos fue. Qu\u00e9 mejor ofrenda a ese animal literario que fue, que reproducir sus palabras.<\/span><\/p>\n<p><span style=\"font-weight: 400;\">El homenaje al Tano Dal Masetto consta de tres entrevistas (radiales, tambi\u00e9n en Margaritas a los chanchos: casi como un rito, siempre a de fin de a\u00f1o, para cerrar el ciclo) y un \u00faltimo texto que pertenece al acto que se hizo en su homenaje, organizado por Alejandro Casas, uno de sus disc\u00edpulos, si es que esa categor\u00eda existe, en la ciudad de 9 de Julio. Cruz\u00e1rselo a Antonio de manera inesperada, pasar por la casa de su hermana Rita para charlar de cosas mundanas cuando andaba de visitas por el pueblo, saber que era suya esa voz tosca que sonaba al otro lado de la l\u00ednea cada vez que llamaba desde Buenos Aires, era parte de una maravilla que no necesitaba ser piedra preciosa para brillar. La historia detr\u00e1s de su pr\u00f3logo a mi primer libro merecer\u00eda un cap\u00edtulo aparte.<\/span><\/p>\n<p><span style=\"font-weight: 400;\">Del homenaje a Gabriel B\u00e1\u00f1ez no hay mucho m\u00e1s por decir. Est\u00e1 todo ah\u00ed, en la d\u00e9cada que va del \u201997 o \u201998 al 2009, en la admiraci\u00f3n y el dolor, en el encuentro y la despedida.<\/span><\/p>\n<p><span style=\"font-weight: 400;\">A Ricardo Piglia no llegu\u00e9 a conocerlo personalmente. Fue apenas por unos pocos minutos. Iba camino a la entrega del Premio Nuevo Sudaca Border de Narrativa Muy Breve, del que \u00e9l fue jurado y un relato m\u00edo finalista, organizado por Elo\u00edsa Cartonera en la \u00e9poca en que estaba en calle Guardia Vieja, cuando mi madre me llam\u00f3 por tel\u00e9fono para avisarme de la muerte de mi mejor amiga en un accidente automovil\u00edstico. Me recuerdo arrodillado en una esquina olvidada de Buenos Aires, masticando dolor y dici\u00e9ndome a m\u00ed mismo voy a llegar tarde, voy a llegar tarde, aunque ese d\u00eda, claro, qu\u00e9 importancia ten\u00eda llegar tarde a ning\u00fan lado. Esta serie de textos dedicados a la obra de Piglia fueron publicados en <\/span><i><span style=\"font-weight: 400;\">La Gaceta Literaria<\/span><\/i><span style=\"font-weight: 400;\">, en el blog Libro de arena, del Programa Bibliotecas para armar, en el sitio Letralia y en el de Fundaci\u00f3n La Balandra, o bien surgieron a partir de un taller de lectura que organizamos junto a la querida Florencia Zambaglione. En fin, eso, entra otras bellas cosas, nos dej\u00f3 Piglia: como cita M\u00f3nica Lou Yu, \u201cel lector ideal es aquel producido por la propia obra\u201d.<\/span><\/p>\n<p><span style=\"font-weight: 400;\">\u201cDomingos\u201d debe su nombre a una selecci\u00f3n de textos aparecidos en <\/span><i><span style=\"font-weight: 400;\">La Gaceta Literaria<\/span><\/i><span style=\"font-weight: 400;\">, porque ese es el d\u00eda en que se publica el suplemento (vaya el agradecimiento a Daniel Dessein), si bien algunos surgieron de rese\u00f1as para la secci\u00f3n Agenda de la revista <\/span><i><span style=\"font-weight: 400;\">Acci\u00f3n Cooperativa<\/span><\/i><span style=\"font-weight: 400;\"> (el agradecimiento, ahora, es para el amigo Juan Andrade).<\/span><\/p>\n<p><span style=\"font-weight: 400;\">Los dos ensayos breves (\u201cLos enemigos\u201d y \u201cAcercamientos a Paul Auster\u201d) son apenas el producto de quien opera m\u00e1s por asociaci\u00f3n que por capacidad anal\u00edtica. Se publicaron, tambi\u00e9n, completa o fragmentariamente, en algunos medios gr\u00e1ficos o digitales. Eso, claramente, no les arrima ning\u00fan m\u00e9rito. Tampoco los justifica.<\/span><\/p>\n<p>&nbsp;<\/p>\n<p>***<\/p>\n<h4><\/h4>\n<h4>Adquirir <a href=\"http:\/\/lapapa.online\/tiendita\">SEDIMENTOS<\/a><\/h4>\n<p>&nbsp;<\/p>\n<p><strong><img loading=\"lazy\" decoding=\"async\" data-attachment-id=\"835\" data-permalink=\"https:\/\/nidodevacas.com.ar\/?attachment_id=835\" data-orig-file=\"https:\/\/nidodevacas.com.ar\/wp-content\/uploads\/2021\/07\/Hernan-Carbonel-e1627515509347.jpg\" data-orig-size=\"600,672\" data-comments-opened=\"1\" data-image-meta=\"{&quot;aperture&quot;:&quot;3.1&quot;,&quot;credit&quot;:&quot;&quot;,&quot;camera&quot;:&quot;COOLPIX L320&quot;,&quot;caption&quot;:&quot;&quot;,&quot;created_timestamp&quot;:&quot;-62169984000&quot;,&quot;copyright&quot;:&quot;&quot;,&quot;focal_length&quot;:&quot;4&quot;,&quot;iso&quot;:&quot;80&quot;,&quot;shutter_speed&quot;:&quot;0.00125&quot;,&quot;title&quot;:&quot;&quot;,&quot;orientation&quot;:&quot;1&quot;}\" data-image-title=\"Hern\u00e1n Carbonel\" data-image-description=\"\" data-image-caption=\"\" data-large-file=\"https:\/\/nidodevacas.com.ar\/wp-content\/uploads\/2021\/07\/Hernan-Carbonel-768x1024.jpg\" class=\"wp-image-835 alignleft\" src=\"http:\/\/188rutaeditorial.com.ar\/wp-content\/uploads\/2021\/07\/Hernan-Carbonel-e1627515509347-268x300.jpg\" alt=\"\" width=\"222\" height=\"249\" srcset=\"https:\/\/nidodevacas.com.ar\/wp-content\/uploads\/2021\/07\/Hernan-Carbonel-e1627515509347-268x300.jpg 268w, https:\/\/nidodevacas.com.ar\/wp-content\/uploads\/2021\/07\/Hernan-Carbonel-e1627515509347.jpg 600w\" sizes=\"auto, (max-width: 222px) 100vw, 222px\" \/>El autor<\/strong><\/p>\n<p><strong><a href=\"https:\/\/www.facebook.com\/hernan.carbonel.1\">Hern\u00e1n Carbonel<\/a><\/strong> escribe para el suplemento literario de La Gaceta de Tucum\u00e1n y\u00a0la revista Acci\u00f3n. Da talleres de lectura y produce y conduce programas de radio.\u00a0Lleva adelante Coda, un club de lectura. Coordina el Concurso Literario Antonio\u00a0Dal Masetto para la Direcci\u00f3n de Cultura de la Municipalidad de Salto. Public\u00f3 los\u00a0libros <em>Antiguos due\u00f1os de la tierra<\/em> (en conjunto con Mario M\u00e9ndez y Jorge\u00a0Grubissich), <em>El chico que no crec\u00eda y otros cuentos<\/em> (Galerna Infantil) y la\u00a0investigaci\u00f3n period\u00edstica <em>El caso Arroyo Dulce<\/em>, con pr\u00f3logos de Antonio Dal\u00a0Masetto y Sergio Pujol. Ha colaborado en varios medios gr\u00e1ficos y digitales, y\u00a0algunos cuentos suyos fueron publicados en diversas antolog\u00edas.<\/p>\n<p>&nbsp;<\/p>\n<p><strong>M\u00e1s opiniones sobre la obra:<\/strong><\/p>\n<p>&#8211;<strong><a href=\"http:\/\/lapapa.online\/de-sedimentos-y-falsos-anagramas\/?fbclid=IwAR32mn1Ht-mAo-Os-SOeCbYeo-RSE9mYoxOJTwMe9aOMYSW25BguVgE2-1s\">De sedimentos y falsos anagramas<\/a><\/strong><\/p>\n<p><strong>&#8211;<a href=\"https:\/\/www.lagaceta.com.ar\/nota\/902821\/la-gaceta-literaria\/restos-reunidos-excelente-literatura.html?fbclid=IwAR3x_OflNMADPmqpm2d4guqnkTgCMrm9aIOCQNrqm-CZPuAuf5ZNU_IUajM\">Restos reunidos de excelente literatura<\/a><\/strong><\/p>\n<p>&nbsp;<\/p>\n<p>&nbsp;<\/p>\n","protected":false},"excerpt":{"rendered":"<p>Art\u00edculos, entrevistas, rese\u00f1as, homenajes, ensayos breves. De eso se trata \u00abSedimentos\u00bb, el nuevo libro del escritor y periodista Hern\u00e1n Carbonel, disponible en formato digital. Ac\u00e1, un adelanto de la publicaci\u00f3n.<\/p>\n","protected":false},"author":3,"featured_media":836,"comment_status":"open","ping_status":"open","sticky":false,"template":"","format":"standard","meta":{"_jetpack_memberships_contains_paid_content":false,"footnotes":""},"categories":[6],"tags":[58,57,46],"class_list":["post-831","post","type-post","status-publish","format-standard","has-post-thumbnail","hentry","category-critica","tag-critica","tag-entrevista","tag-resena"],"jetpack_featured_media_url":"https:\/\/nidodevacas.com.ar\/wp-content\/uploads\/2021\/07\/Sedimentos.jpg-e1627515570315.jpeg","jetpack_sharing_enabled":true,"_links":{"self":[{"href":"https:\/\/nidodevacas.com.ar\/index.php?rest_route=\/wp\/v2\/posts\/831","targetHints":{"allow":["GET"]}}],"collection":[{"href":"https:\/\/nidodevacas.com.ar\/index.php?rest_route=\/wp\/v2\/posts"}],"about":[{"href":"https:\/\/nidodevacas.com.ar\/index.php?rest_route=\/wp\/v2\/types\/post"}],"author":[{"embeddable":true,"href":"https:\/\/nidodevacas.com.ar\/index.php?rest_route=\/wp\/v2\/users\/3"}],"replies":[{"embeddable":true,"href":"https:\/\/nidodevacas.com.ar\/index.php?rest_route=%2Fwp%2Fv2%2Fcomments&post=831"}],"version-history":[{"count":5,"href":"https:\/\/nidodevacas.com.ar\/index.php?rest_route=\/wp\/v2\/posts\/831\/revisions"}],"predecessor-version":[{"id":840,"href":"https:\/\/nidodevacas.com.ar\/index.php?rest_route=\/wp\/v2\/posts\/831\/revisions\/840"}],"wp:featuredmedia":[{"embeddable":true,"href":"https:\/\/nidodevacas.com.ar\/index.php?rest_route=\/wp\/v2\/media\/836"}],"wp:attachment":[{"href":"https:\/\/nidodevacas.com.ar\/index.php?rest_route=%2Fwp%2Fv2%2Fmedia&parent=831"}],"wp:term":[{"taxonomy":"category","embeddable":true,"href":"https:\/\/nidodevacas.com.ar\/index.php?rest_route=%2Fwp%2Fv2%2Fcategories&post=831"},{"taxonomy":"post_tag","embeddable":true,"href":"https:\/\/nidodevacas.com.ar\/index.php?rest_route=%2Fwp%2Fv2%2Ftags&post=831"}],"curies":[{"name":"wp","href":"https:\/\/api.w.org\/{rel}","templated":true}]}}