{"id":812,"date":"2021-07-09T14:06:55","date_gmt":"2021-07-09T14:06:55","guid":{"rendered":"http:\/\/188rutaeditorial.com.ar\/?p=812"},"modified":"2021-07-09T14:06:55","modified_gmt":"2021-07-09T14:06:55","slug":"el-chasqui-del-olvido-por-gerardo-badoglio","status":"publish","type":"post","link":"https:\/\/nidodevacas.com.ar\/?p=812","title":{"rendered":"\u00abEl chasqui del olvido\u00bb, por Gerardo Badoglio"},"content":{"rendered":"<p><a href=\"http:\/\/188rutaeditorial.com.ar\/wp-content\/uploads\/2021\/07\/arma.jpg\"><img loading=\"lazy\" decoding=\"async\" data-attachment-id=\"815\" data-permalink=\"https:\/\/nidodevacas.com.ar\/?attachment_id=815\" data-orig-file=\"https:\/\/nidodevacas.com.ar\/wp-content\/uploads\/2021\/07\/arma.jpg\" data-orig-size=\"799,533\" data-comments-opened=\"1\" data-image-meta=\"{&quot;aperture&quot;:&quot;0&quot;,&quot;credit&quot;:&quot;&quot;,&quot;camera&quot;:&quot;&quot;,&quot;caption&quot;:&quot;&quot;,&quot;created_timestamp&quot;:&quot;0&quot;,&quot;copyright&quot;:&quot;&quot;,&quot;focal_length&quot;:&quot;0&quot;,&quot;iso&quot;:&quot;0&quot;,&quot;shutter_speed&quot;:&quot;0&quot;,&quot;title&quot;:&quot;&quot;,&quot;orientation&quot;:&quot;0&quot;}\" data-image-title=\"arma\" data-image-description=\"\" data-image-caption=\"\" data-large-file=\"https:\/\/nidodevacas.com.ar\/wp-content\/uploads\/2021\/07\/arma.jpg\" src=\"http:\/\/188rutaeditorial.com.ar\/wp-content\/uploads\/2021\/07\/arma.jpg\" alt=\"\" width=\"799\" height=\"533\" class=\"aligncenter size-full wp-image-815\" srcset=\"https:\/\/nidodevacas.com.ar\/wp-content\/uploads\/2021\/07\/arma.jpg 799w, https:\/\/nidodevacas.com.ar\/wp-content\/uploads\/2021\/07\/arma-600x400.jpg 600w, https:\/\/nidodevacas.com.ar\/wp-content\/uploads\/2021\/07\/arma-300x200.jpg 300w, https:\/\/nidodevacas.com.ar\/wp-content\/uploads\/2021\/07\/arma-768x512.jpg 768w\" sizes=\"auto, (max-width: 799px) 100vw, 799px\" \/><\/a><br \/>\n<H3>El chasqui del olvido<\/H3><\/p>\n<p><em>Por Gerardo Badoglio<\/em>*<\/p>\n<p class=\"western\" align=\"justify\"><span style=\"font-size: large;\"><br \/>\nComo pocas veces en todos estos a\u00f1os, al amanecer tuve la necesidad de caminar, quiz\u00e1 como una premonici\u00f3n de lo que ocurrir\u00eda; el camino que supe desandar a lo largo de la historia me ha depositado aqu\u00ed, en este preciso momento, frente a esta piedra derruida que entre hojas, moho y tierra se deja descubrir t\u00edmidamente a los pies de una cruz de humilde herraje. Es abril de 2016. El d\u00eda y el lugar reflejan un oto\u00f1o n\u00edtido, l\u00fagubre, plagado de colores necr\u00f3ticos y opacos; tal vez como una met\u00e1fora del pasado del hombre que yace a mis pies, arrullado por el olvido.<\/p>\n<p class=\"western\" align=\"justify\"><span style=\"font-size: large;\"><br \/>\nDiviso a un joven caminando por el corredor de piedras y m\u00e1rmoles; lo acompa\u00f1a Jos\u00e9, en silencio, con ese paso aletargado y eterno de hombre mayor con el que d\u00eda a d\u00eda recorre y vigila el predio. El joven clava su mirada sobre m\u00ed al principio y sobre la misma piedra que hoy me ocupa al detenerse a mi lado. Jos\u00e9 sigue su camino, rastrillo en mano, mientras nosotros permanecemos hombro a hombro, en silencio, mirando la peque\u00f1a cruz que milagrosamente sobrevive al paso del tiempo.<\/p>\n<p class=\"western\" align=\"justify\"><span style=\"font-size: large;\"><br \/>\n\u2014Ni un nombre, ni una fecha \u2014el joven suspira profundo, algo desilusionado\u2014. Tantas horas viajando, tantas dudas, y solo encuentro una piedra \u2014se friega la cara con ambas manos\u2014, \u00bfser\u00e1 por eso que termin\u00e9 estudiando Historia? \u2014r\u00ede ir\u00f3nicamente. <\/p>\n<p class=\"western\" align=\"justify\"><span style=\"font-size: large;\"><br \/>\n\u2014Yo podr\u00eda decirle qui\u00e9n es \u2014intervengo sin siquiera saludar\u2014, pero eso solo tendr\u00eda sentido si usted decide escuchar la historia completa, pues entender\u00e1 que un nombre sin su historia no es m\u00e1s que eso, un nombre, una se\u00f1al min\u00fascula en un universo de se\u00f1ales, y se desvanece muy pronto de la memoria; s\u00e9 por qu\u00e9 se lo digo\u2014lo miro a la cara para captar su atenci\u00f3n, sin ning\u00fan \u00e9xito.<\/p>\n<p class=\"western\" align=\"justify\"><span style=\"font-size: large;\"><br \/>\n\u2014Te suplico que me des una se\u00f1al \u2014el joven suspira resignado, aceptando con algo de pesar, seg\u00fan entiendo, mi propuesta. <\/p>\n<p class=\"western\" align=\"justify\"><span style=\"font-size: large;\"><br \/>\n\u2014Puedo entender su frustraci\u00f3n porque me habitan los mismos cuestionamientos y siento la misma urgencia por dar luz a esta historia. Esto que ve, polvo de aquellos huesos y retazos de aquella mortaja, debe transformarse en un trozo de historia eterna\u2014continuamos en un profundo silencio por otro largo rato, debati\u00e9ndonos ambos entre la verdad y esos tantos pasados posibles para esta tumba aparentemente silenciosa.<\/p>\n<p class=\"western\" align=\"justify\"><span style=\"font-size: large;\"><br \/>\n\u2014\u00a1Vamos, necesito que me hables, que me digas tu verdad! \u2014me interrumpe\u2014. Algo, no s\u00e9, un detalle, \u00a1algo tiene que haber! \u2014se sent\u00f3 en el piso mirando la cruz, subyugado.<\/p>\n<p class=\"western\" align=\"justify\"><span style=\"font-size: large;\"><br \/>\n\u2014A eso voy, joven, yo conozco una historia, una oculta, y espero que usted sepa tomarla para su causa, porque la complementa. <\/p>\n<p class=\"western\" align=\"justify\"><span style=\"font-size: large;\"><br \/>\n\u2014Realmente lo necesito \u2014se toma la cabeza.<\/p>\n<p class=\"western\" align=\"justify\"><span style=\"font-size: large;\"><br \/>\n\u2014Bueno, si eso quiere\u2026 \u2014lo observo y veo que contin\u00faa r\u00edgido y silencioso como una de las tantas l\u00e1pidas que nos rodean, y eso me hace pensar que tal vez se trate del \u00e1nima mortificada de otro pr\u00f3cer silencioso abandonado, lo cual me causa una emoci\u00f3n particular, un arrebato de alegr\u00eda y orgullo, pero tambi\u00e9n una profunda angustia por el olvido al que ha sido sometido y del cual s\u00e9 tanto\u2014. Podr\u00eda decirle que aquel 9 de Julio de 1816, en Tucum\u00e1n, luego de declarar la independencia y como medida urgente, el Congreso comision\u00f3 a un joven oficial porte\u00f1o de tan solo veinti\u00fan a\u00f1os que se desempe\u00f1aba entonces como ayudante mayor del regimiento octavo. Seguro escuch\u00f3 hablar de \u00e9l, se trataba de Cayetano Casimiro Mar\u00eda del Coraz\u00f3n de Jes\u00fas Grimau G\u00e1lvez, un joven al que, convertido a chasqui militar, le fue otorgada la responsabilidad de transportar varios pliegos de papel para entregar en Buenos Aires, entre ellos el acta original de Independencia.<\/p>\n<p class=\"western\" align=\"justify\"><span style=\"font-size: large;\"><br \/>\n\u2014\u00a1Si supieras cu\u00e1nto le\u00ed, cu\u00e1nto busqu\u00e9 y cu\u00e1nto viaj\u00e9 para saber la verdad! \u2014exclama con desd\u00e9n\u2014. Ahora, \u00bfqu\u00e9 tiene que ver esta tumba con Grimau? \u00bfPor qu\u00e9 un dato como este no coincide con ninguna parte de la historia?<\/p>\n<p class=\"western\" align=\"justify\"><span style=\"font-size: large;\"><br \/>\n\u2014\u00a1Entiendo sus dudas, cr\u00e9ame! \u2014le respondo con entusiasmo, porque despu\u00e9s de todo, tras tant\u00edsimos a\u00f1os, era \u00e9l quien al fin solicitaba mis palabras, mi parte de la historia\u2014. Cayetano Grimau emprendi\u00f3 la traves\u00eda a caballo y armado con un sable roto a la mitad; pero la clave de la historia, mi estimado, es que en realidad llevaba un hombre de escolta en el primer tramo de su viaje, del que no muchos saben. S\u00ed, mi amigo, en esas condiciones viajaba el documento m\u00e1s importante de nuestra historia. El escolta era un oficial salte\u00f1o, de apenas diecisiete a\u00f1os, llamado Ra\u00fal Trucco. Viajaron juntos hasta entrar en suelo cordob\u00e9s, donde Grimau y Trucco se separaron, y este \u00faltimo parti\u00f3 rumbo a su gloria silenciosa. Grimau, por su parte, continu\u00f3 el camino hasta la ciudad de C\u00f3rdoba en absoluta soledad, pero tuvo suerte y logr\u00f3 llegar a salvo. Al llegar le solicit\u00f3 al Gobernador Cnel. Jos\u00e9 Javier D\u00edaz, reconocido artiguista y enemigo de Buenos Aires, que le otorgara un escolta para el resto de la traves\u00eda, ya que el tramo restante era el m\u00e1s peligroso; el gobernador acept\u00f3 sin problemas y le asign\u00f3 un hombre, pero tambi\u00e9n desarmado. Fue a poco de dejar C\u00f3rdoba que se toparon con tres hombres a caballo de los cuales Grimau desconfi\u00f3 inmediatamente, y de mala gana accedi\u00f3 a su compa\u00f1\u00eda; uno de ellos, el l\u00edder, se hac\u00eda llamar \u00abEl Ingl\u00e9s Joice\u00bb; \u00a1imagine usted, viajar con semejante carga y estar con el aliento en la nuca del que se sabe malhechor!, es al menos desesperante. <\/p>\n<p class=\"western\" align=\"justify\"><span style=\"font-size: large;\"><br \/>\n\u2014\u00bfC\u00f3mo puede ser? \u2014el joven historiador se ve confundido\u2014. Cuando dud\u00f3, cuando se sinti\u00f3 inseguro, en alg\u00fan punto del trayecto, en mano de alguien tuvo que haber escondido el acta original, o al menos una se\u00f1al de ella, no puede haber sido tan confiado\u2014el joven se toma nuevamente la cara con ambas manos\u2014 \u00bfY si la escondi\u00f3 y no dej\u00f3 ni una clave para buscar el acta en el futuro? \u00a1Me niego a creer que Grimau haya sido un necio!<\/p>\n<p class=\"western\" align=\"justify\"><span style=\"font-size: large;\"><br \/>\n\u2014No lo fue, cr\u00e9ame \u2014replico.<\/p>\n<p class=\"western\" align=\"justify\"><span style=\"font-size: large;\"><br \/>\n\u2014\u00a1Lo \u00fanico que me trae a esta tumba es una carta de Artigas que ni siquiera s\u00e9 si es real, y aun si lo fuera, sigo sin entender la relaci\u00f3n con el acta. Necesito que las piezas encajen \u2014insiste, caminando de lado a lado como un loco.<\/p>\n<p class=\"western\" align=\"justify\"><span style=\"font-size: large;\"><br \/>\n\u2014D\u00e9jeme terminar, joven, frente a usted hay m\u00e1s verdad de la que imagina \u2014le digo, y en su silencio encuentro el permiso para finalizar mi relato\u2014. Grimau continu\u00f3 la marcha secundado por su escolta y los tres desconocidos; imagine usted que los nervios no pod\u00edan menos que calar profundo en el esp\u00edritu de un joven, incluso en uno de la val\u00eda de Grimau. Fue as\u00ed que el dos de agosto, a\u00fan en tierra cordobesa y a poco de arribar al paraje Cabeza de Tigre, Grimau divis\u00f3 una galera; se trataba del sacerdote Miguel Calixto del Corro, diputado por C\u00f3rdoba, qui\u00e9n iba acompa\u00f1ado por una escolta de seis hombres. Grimau vio en la galera la oportunidad de desprenderse de tan nefasta compa\u00f1\u00eda, pero su idea se frustr\u00f3 cuando \u00abel ingl\u00e9s Joice\u00bb dijo que tambi\u00e9n le era preciso alcanzar la galera para entregarle al diputado una carta que deb\u00eda llegar a manos del Gobernador de C\u00f3rdoba. Al presentarse, Grimau descubri\u00f3 que el tal \u00abIngl\u00e9s Joice\u00bb no era otro que Jos\u00e9 \u00abel ingl\u00e9s\u00bb Garc\u00eda, soldado de Artigas, quien adem\u00e1s se mont\u00f3 a la galera y por largo trecho entabl\u00f3 conversaci\u00f3n con Del Corro. Los nervios comenzaban a ganarle terreno al esp\u00edritu valeroso del joven Grimau, y unas leguas despu\u00e9s tuvo que desviar su camino hasta unos yuyales, apurado por un impostergable asunto estomacal. Y ah\u00ed estaba el chasqui de la independencia, en esos menesteres, cuando sinti\u00f3 en la nuca el trabuco que empu\u00f1aba \u00abel ingl\u00e9s\u00bb Garc\u00eda, quien asegur\u00f3 estar cumpliendo \u00f3rdenes del diputado Del Corro al pedirle que entregue la documentaci\u00f3n que transportaba. El pobre Grimau, sin opci\u00f3n, accedi\u00f3 para conservar la vida y poder contar despu\u00e9s, llegado a Buenos Aires, lo sucedido. Con el hecho consumado, a Grimau no le sorprendi\u00f3 que su escolta decidiera regresar a su tierra junto a Del Corro aduciendo que \u00e9l ya nada ten\u00eda por custodiar, o que \u00abel Ingl\u00e9s\u00bb Garc\u00eda partiera sin prisa y con absoluta impunidad con los documentos. Grimau emprendi\u00f3 r\u00e1pidamente hacia Buenos Aires, donde la noticia provoc\u00f3 revuelo. Las sospechas apuntaban a Del Corro, por su buena relaci\u00f3n con los artiguistas y por su inacci\u00f3n durante el robo; lo mismo ocurri\u00f3 en Tucum\u00e1n. <\/p>\n<p class=\"western\" align=\"justify\"><span style=\"font-size: large;\"><br \/>\n\u2014Es todo tan extra\u00f1o \u2014el joven se arrodilla junto a la l\u00e1pida y le quita las hojas secas que la cubr\u00edan, dejando en evidencia la endeble marca de las iniciales \u00abRT\u00bb.<\/p>\n<p class=\"western\" align=\"justify\"><span style=\"font-size: large;\"><br \/>\n\u2014\u00a1Sin duda! Imagine usted que a pesar de las acusaciones y las investigaciones, jam\u00e1s se logr\u00f3 demostrar la responsabilidad de Artigas en el hecho, pero s\u00ed se hall\u00f3 aquella carta que el propio Artigas envi\u00f3 al cabildo de Montevideo, la misma que lo trajo a usted hasta aqu\u00ed, en la que informaba sobre una \u00abcomunicaci\u00f3n\u00bb que hab\u00eda sido \u00abinterceptada\u00bb por su gente en la provincia de Santa Fe. Como Grimau afirmaba haber sido despojado del acta en C\u00f3rdoba, esta carta no sirvi\u00f3 de prueba para incriminarlo, pero, mi amigo, s\u00ed le da la pauta de que los chasquis eran dos y no uno; Grimau y el chasqui secreto, el que realmente llevaba el acta original de la independencia, el que dio su vida por ese documento y, adem\u00e1s, algo que nunca nadie lleg\u00f3 a saber y usted puede develar hoy mismo, impidi\u00f3 con su accionar la invasi\u00f3n portuguesa a trav\u00e9s de la banda oriental. Ese hombre es el que debe investigar, esas iniciales talladas en la l\u00e1pida y que usted acaba de descubrir son la pista que debe seguir \u2014preso de mi emoci\u00f3n elevo la voz al punto de gritarle, pero no logro arrancarle reacci\u00f3n alguna.<\/p>\n<p class=\"western\" align=\"justify\"><span style=\"font-size: large;\"><br \/>\n\u2014\u00a1Tengo que empezar de cero otra vez!, la respuesta no puede ser esta tumba sin nombre, ni fecha ni pasado.<\/p>\n<p class=\"western\" align=\"justify\"><span style=\"font-size: large;\"><br \/>\n\u2014\u00a1Oiga, no le permitir\u00e9 semejante afrenta a mi memoria! \u2014el joven levanta la vista como si mirara el cielo, pero sus ojos se clavan en los m\u00edos, amenazadores\u2014. Mire \u2014intento recobrar el aliento y ser m\u00e1s cort\u00e9s\u2014, jam\u00e1s pens\u00f3 alguien que yo, a tan corta edad, pudiera llevar con holgura tama\u00f1a carga sobre mis hombros; incluso a m\u00ed mismo, hoy, a la distancia, me cuesta dar cr\u00e9dito de mi desempe\u00f1o \u2014los ojos del joven se entrecierran\u2014, pero hab\u00eda tanto traidor intentando destruir el sue\u00f1o de una patria libre que decidimos mentir y dividir los caminos; Grimau en forma oficial con un acta falsa, y yo en forma secreta, con la verdadera, abandonando desde el llano todo tipo de gloria m\u00e1s all\u00e1 de la personal, la que a\u00fan conservo. <\/p>\n<p class=\"western\" align=\"justify\"><span style=\"font-size: large;\"><br \/>\n\u2014\u00a1Ni un nombre pude conseguir!, no puedo creerlo \u2014el joven se para, y en un arrebato de furia comienza a alejarse; lo sigo desesperado.<\/p>\n<p class=\"western\" align=\"justify\"><span style=\"font-size: large;\"><br \/>\n\u2014\u00a1Det\u00e9ngase, se lo suplico!, no puede irse \u2014no obtengo respuesta\u2014. Frente a usted est\u00e1 el oficial Ra\u00fal Trucco, escolta del acta original de la independencia, por la cual jur\u00e9 morir antes de verla en manos enemigas \u2014a pesar de divulgar mi identidad, algo que se me hab\u00eda prohibido, el joven no se detiene\u2014 \u00a1Este soldado dio la vida por su patria hace casi doscientos a\u00f1os en mano de artiguistas, y se merece de usted mucho m\u00e1s que este desaire, le exijo respeto! \u2014insisto, sin \u00e9xito.<\/p>\n<p class=\"western\" align=\"justify\"><span style=\"font-size: large;\"><br \/>\n\u2014Jos\u00e9, gracias por todo \u2014suelta al pasar, algo ofuscado, antes de perderse tras la arcada.<\/p>\n<p class=\"western\" align=\"justify\"><span style=\"font-size: large;\"><br \/>\n\u2014\u00a1Oiga! \u2014insisto por \u00faltima vez, y s\u00e9 inmediatamente que se ha ido para siempre.<\/p>\n<p class=\"western\" align=\"justify\"><span style=\"font-size: large;\"><br \/>\n\u2014\u00a1Estos j\u00f3venes! \u2014suelta el viejo Jos\u00e9, al pasar, con una sonrisa socarrona.<\/p>\n<p class=\"western\" align=\"justify\"><span style=\"font-size: large;\"><br \/>\nEsper\u00e9 tantos a\u00f1os por aquel que viniera a echar luz sobre esta historia, y a relevarme a m\u00ed del deber sagrado que me fue encomendado junto con el acta de la independencia, que albergu\u00e9 en mi coraz\u00f3n la ilusa posibilidad de que fuera este joven, y no otro, quien lograra ese cometido y me permitiera descansar en paz; dese\u00e9 que fuera hoy, y ahora tal vez no sea nunca. Camino lentamente, quiz\u00e1s muriendo una vez m\u00e1s, hasta esa piedra derruida que entre hojas, moho y tierra, se deja descubrir t\u00edmidamente a los pies de una cruz de humilde herraje; esa, mi morada, donde adem\u00e1s del documento m\u00e1s importante descansan mi nombre y mi honor, a la espera de florecer en los labios de mis compatriotas y, al consuelo de su recuerdo, ganar esa segunda vida de la que gozaron otros hombres de nuestra historia.<br \/>\n<\/span><\/p>\n<p><HR\/><\/p>\n<p>* Gerardo Badoglio es nacido en Jun\u00edn, Buenos Aires. Estudi\u00f3 Agronom\u00eda en la sede juninense de la UBA. Lleg\u00f3 a la literatura como una distracci\u00f3n y termin\u00f3 convirti\u00e9ndose en una necesidad. Sus cuentos aparecieron en la revista literaria y algunas de las antolog\u00edas de la editorial Rama Negra. Fue ganador de concurso de novela corta \u201cRody Moir\u00f3n\u201d con su novela \u201cMistonga florcita de Lis\u00bb (Jun\u00edn, 2017) y obtuvo distintas distinciones en concursos como \u201cOsvaldo Soriano\u201d y SADE, entre otros.<\/p>\n","protected":false},"excerpt":{"rendered":"<p>\u00abPodr\u00eda decirle que aquel 9 de Julio de 1816, en Tucum\u00e1n, luego de declarar la independencia y como medida urgente, el Congreso comision\u00f3 a un joven oficial porte\u00f1o de tan solo veinti\u00fan a\u00f1os que se desempe\u00f1aba entonces como ayudante mayor del regimiento octavo. Seguro escuch\u00f3 hablar de \u00e9l, se trataba de Cayetano Casimiro Mar\u00eda del Coraz\u00f3n de Jes\u00fas Grimau G\u00e1lvez, un joven al que, convertido a chasqui militar, le fue otorgada la responsabilidad de transportar varios pliegos de papel para entregar en Buenos Aires, entre ellos el acta original de Independencia\u00bb. Fragmento que nos acerca a este relato de Badoglio, cargado de historia y de s\u00edmbolos.<\/p>\n","protected":false},"author":1,"featured_media":815,"comment_status":"open","ping_status":"open","sticky":false,"template":"","format":"standard","meta":{"_jetpack_memberships_contains_paid_content":false,"footnotes":""},"categories":[4],"tags":[32,51],"class_list":["post-812","post","type-post","status-publish","format-standard","has-post-thumbnail","hentry","category-textos","tag-cuentos","tag-historia"],"jetpack_featured_media_url":"https:\/\/nidodevacas.com.ar\/wp-content\/uploads\/2021\/07\/arma.jpg","jetpack_sharing_enabled":true,"_links":{"self":[{"href":"https:\/\/nidodevacas.com.ar\/index.php?rest_route=\/wp\/v2\/posts\/812","targetHints":{"allow":["GET"]}}],"collection":[{"href":"https:\/\/nidodevacas.com.ar\/index.php?rest_route=\/wp\/v2\/posts"}],"about":[{"href":"https:\/\/nidodevacas.com.ar\/index.php?rest_route=\/wp\/v2\/types\/post"}],"author":[{"embeddable":true,"href":"https:\/\/nidodevacas.com.ar\/index.php?rest_route=\/wp\/v2\/users\/1"}],"replies":[{"embeddable":true,"href":"https:\/\/nidodevacas.com.ar\/index.php?rest_route=%2Fwp%2Fv2%2Fcomments&post=812"}],"version-history":[{"count":12,"href":"https:\/\/nidodevacas.com.ar\/index.php?rest_route=\/wp\/v2\/posts\/812\/revisions"}],"predecessor-version":[{"id":881,"href":"https:\/\/nidodevacas.com.ar\/index.php?rest_route=\/wp\/v2\/posts\/812\/revisions\/881"}],"wp:featuredmedia":[{"embeddable":true,"href":"https:\/\/nidodevacas.com.ar\/index.php?rest_route=\/wp\/v2\/media\/815"}],"wp:attachment":[{"href":"https:\/\/nidodevacas.com.ar\/index.php?rest_route=%2Fwp%2Fv2%2Fmedia&parent=812"}],"wp:term":[{"taxonomy":"category","embeddable":true,"href":"https:\/\/nidodevacas.com.ar\/index.php?rest_route=%2Fwp%2Fv2%2Fcategories&post=812"},{"taxonomy":"post_tag","embeddable":true,"href":"https:\/\/nidodevacas.com.ar\/index.php?rest_route=%2Fwp%2Fv2%2Ftags&post=812"}],"curies":[{"name":"wp","href":"https:\/\/api.w.org\/{rel}","templated":true}]}}