{"id":664,"date":"2021-02-27T13:57:22","date_gmt":"2021-02-27T13:57:22","guid":{"rendered":"http:\/\/188rutaeditorial.com.ar\/?p=664"},"modified":"2021-03-02T00:43:34","modified_gmt":"2021-03-02T00:43:34","slug":"docencia-y-feminismo","status":"publish","type":"post","link":"https:\/\/nidodevacas.com.ar\/?p=664","title":{"rendered":"Docencia y feminismo"},"content":{"rendered":"<p><a href=\"http:\/\/188rutaeditorial.com.ar\/wp-content\/uploads\/2021\/02\/profesenlucha.jpg\"><img loading=\"lazy\" decoding=\"async\" data-attachment-id=\"667\" data-permalink=\"https:\/\/nidodevacas.com.ar\/?attachment_id=667\" data-orig-file=\"https:\/\/nidodevacas.com.ar\/wp-content\/uploads\/2021\/02\/profesenlucha.jpg\" data-orig-size=\"1080,1080\" data-comments-opened=\"1\" data-image-meta=\"{&quot;aperture&quot;:&quot;0&quot;,&quot;credit&quot;:&quot;&quot;,&quot;camera&quot;:&quot;&quot;,&quot;caption&quot;:&quot;&quot;,&quot;created_timestamp&quot;:&quot;0&quot;,&quot;copyright&quot;:&quot;&quot;,&quot;focal_length&quot;:&quot;0&quot;,&quot;iso&quot;:&quot;0&quot;,&quot;shutter_speed&quot;:&quot;0&quot;,&quot;title&quot;:&quot;&quot;,&quot;orientation&quot;:&quot;0&quot;}\" data-image-title=\"profesenlucha\" data-image-description=\"\" data-image-caption=\"\" data-large-file=\"https:\/\/nidodevacas.com.ar\/wp-content\/uploads\/2021\/02\/profesenlucha-1024x1024.jpg\" src=\"http:\/\/188rutaeditorial.com.ar\/wp-content\/uploads\/2021\/02\/profesenlucha-300x300.jpg\" alt=\"\" width=\"300\" height=\"300\" class=\"alignleft size-medium wp-image-667\" srcset=\"https:\/\/nidodevacas.com.ar\/wp-content\/uploads\/2021\/02\/profesenlucha-300x300.jpg 300w, https:\/\/nidodevacas.com.ar\/wp-content\/uploads\/2021\/02\/profesenlucha-100x100.jpg 100w, https:\/\/nidodevacas.com.ar\/wp-content\/uploads\/2021\/02\/profesenlucha-600x600.jpg 600w, https:\/\/nidodevacas.com.ar\/wp-content\/uploads\/2021\/02\/profesenlucha-1024x1024.jpg 1024w, https:\/\/nidodevacas.com.ar\/wp-content\/uploads\/2021\/02\/profesenlucha-150x150.jpg 150w, https:\/\/nidodevacas.com.ar\/wp-content\/uploads\/2021\/02\/profesenlucha-768x768.jpg 768w, https:\/\/nidodevacas.com.ar\/wp-content\/uploads\/2021\/02\/profesenlucha.jpg 1080w\" sizes=\"auto, (max-width: 300px) 100vw, 300px\" \/><\/a><br \/>\n<em>Por Mar\u00eda Jos\u00e9 Di Pascuale y Luciana Cruz <\/em><\/p>\n<p>El ejercicio de la docencia debe ser revisado desde la perspectiva feminista.<\/p>\n<p>Los datos duros de la realidad no nos dejan mentir, el ejercicio de la docencia en los niveles iniciales de formaci\u00f3n y en la educaci\u00f3n especial son llevados a cabo en su mayor\u00eda por mujeres: las se\u00f1os.<\/p>\n<p>El an\u00e1lisis del t\u00e9rmino \u201cse\u00f1orita\u201d en el \u00e1mbito de la historia de la educaci\u00f3n pone en discusi\u00f3n, desde hace a\u00f1os, la construcci\u00f3n heteropatriarcal en torno a ese concepto con la asignaci\u00f3n, a priori, de g\u00e9nero y, por ende, de su funci\u00f3n: cuidar y atender, pero sorprende todav\u00eda el modo en que la situaci\u00f3n se revierte en los niveles m\u00e1s altos de formaci\u00f3n, como lo son los espacios universitarios, en los que los hombres no s\u00f3lo son los que m\u00e1s ocupan las aulas como docentes, adem\u00e1s son quienes ejercen los altos mandos (del total de rectores de universidades nacionales solo el 13% son mujeres).<\/p>\n<p>Es momento de reunir en palabras lo que nos pasa a las trabajadoras de la educaci\u00f3n. Necesitamos construir un saber y un sentir colectivo que nos permita reflexionar sobre nuestra fuerza de trabajo y su sentido dentro del sistema educativo. <\/p>\n<p>Desentra\u00f1ar el discurso medi\u00e1tico que nos se\u00f1ala como responsables del fracaso de un sistema que se sostiene solo por la fuerza de sus trabajadoras.<br \/>\nReflexionar sobre la responsabilidad del Estado en nuestras condiciones laborales. Necesitamos comprendernos como \u201csujetas\u201d de derechos, para poner en cuesti\u00f3n las garant\u00edas laborales que adquirieron \u201clos\u201d trabajadores docentes y exigir que esas garant\u00edas contemplen la situaci\u00f3n laboral de \u201clas trabajadoras\u201d de la educaci\u00f3n. <\/p>\n<p>\u00bfExistir\u00e1 un v\u00ednculo directo entre el modo en que se critica y se juzga el rol docente con el hecho de que es un trabajo ejercido en su mayor\u00eda por mujeres?<\/p>\n<p>\u00bfDe qu\u00e9 modo se relaciona la precarizaci\u00f3n salarial docente con el g\u00e9nero de sus trabajadoras?<\/p>\n<p>\u00bfC\u00f3mo deber\u00edamos entender nuestra funci\u00f3n laboral las mujeres que ejercemos la docencia?<\/p>\n<p>\u00bfCu\u00e1l es el l\u00edmite de tolerancia en cuanto a explotaci\u00f3n, precarizaci\u00f3n y recorte de derechos?<\/p>\n<p><HR><\/p>\n<p><em>Cr\u00e9ditos:<\/em><br \/>\nArt\u00edculo publicado en https:\/\/www.instagram.com\/apupergamino\/ | Ilustraci\u00f3n: Camila Onzari<br \/>\nMar\u00eda Jos\u00e9 Di Pascuale integra Milena Pergamino<\/p>\n","protected":false},"excerpt":{"rendered":"<p>\u00ab\u00bfExistir\u00e1 un v\u00ednculo directo entre el modo en que se critica y se juzga el rol docente con el hecho de que es un trabajo ejercido en su mayor\u00eda por mujeres?\u00bb, se preguntan Mar\u00eda Jos\u00e9 Di Pascuale y Luciana Cruz  en esta columna de opini\u00f3n.<\/p>\n","protected":false},"author":1,"featured_media":667,"comment_status":"open","ping_status":"open","sticky":false,"template":"","format":"standard","meta":{"_jetpack_memberships_contains_paid_content":false,"footnotes":""},"categories":[6],"tags":[19,71],"class_list":["post-664","post","type-post","status-publish","format-standard","has-post-thumbnail","hentry","category-critica","tag-educacion","tag-feminismo"],"jetpack_featured_media_url":"https:\/\/nidodevacas.com.ar\/wp-content\/uploads\/2021\/02\/profesenlucha.jpg","jetpack_sharing_enabled":true,"_links":{"self":[{"href":"https:\/\/nidodevacas.com.ar\/index.php?rest_route=\/wp\/v2\/posts\/664","targetHints":{"allow":["GET"]}}],"collection":[{"href":"https:\/\/nidodevacas.com.ar\/index.php?rest_route=\/wp\/v2\/posts"}],"about":[{"href":"https:\/\/nidodevacas.com.ar\/index.php?rest_route=\/wp\/v2\/types\/post"}],"author":[{"embeddable":true,"href":"https:\/\/nidodevacas.com.ar\/index.php?rest_route=\/wp\/v2\/users\/1"}],"replies":[{"embeddable":true,"href":"https:\/\/nidodevacas.com.ar\/index.php?rest_route=%2Fwp%2Fv2%2Fcomments&post=664"}],"version-history":[{"count":5,"href":"https:\/\/nidodevacas.com.ar\/index.php?rest_route=\/wp\/v2\/posts\/664\/revisions"}],"predecessor-version":[{"id":675,"href":"https:\/\/nidodevacas.com.ar\/index.php?rest_route=\/wp\/v2\/posts\/664\/revisions\/675"}],"wp:featuredmedia":[{"embeddable":true,"href":"https:\/\/nidodevacas.com.ar\/index.php?rest_route=\/wp\/v2\/media\/667"}],"wp:attachment":[{"href":"https:\/\/nidodevacas.com.ar\/index.php?rest_route=%2Fwp%2Fv2%2Fmedia&parent=664"}],"wp:term":[{"taxonomy":"category","embeddable":true,"href":"https:\/\/nidodevacas.com.ar\/index.php?rest_route=%2Fwp%2Fv2%2Fcategories&post=664"},{"taxonomy":"post_tag","embeddable":true,"href":"https:\/\/nidodevacas.com.ar\/index.php?rest_route=%2Fwp%2Fv2%2Ftags&post=664"}],"curies":[{"name":"wp","href":"https:\/\/api.w.org\/{rel}","templated":true}]}}