{"id":569,"date":"2021-01-20T15:13:44","date_gmt":"2021-01-20T15:13:44","guid":{"rendered":"http:\/\/188rutaeditorial.com.ar\/?p=569"},"modified":"2021-01-20T15:13:44","modified_gmt":"2021-01-20T15:13:44","slug":"aporte-de-la-188-al-programa-cultura-solidaria","status":"publish","type":"post","link":"https:\/\/nidodevacas.com.ar\/?p=569","title":{"rendered":"Aporte de la #188 al Programa \u00abCultura Solidaria\u00bb"},"content":{"rendered":"<p><img loading=\"lazy\" decoding=\"async\" data-attachment-id=\"572\" data-permalink=\"https:\/\/nidodevacas.com.ar\/?attachment_id=572\" data-orig-file=\"https:\/\/nidodevacas.com.ar\/wp-content\/uploads\/2021\/01\/20210120_112639-scaled-e1611153752888.jpg\" data-orig-size=\"800,668\" data-comments-opened=\"1\" data-image-meta=\"{&quot;aperture&quot;:&quot;0&quot;,&quot;credit&quot;:&quot;&quot;,&quot;camera&quot;:&quot;&quot;,&quot;caption&quot;:&quot;&quot;,&quot;created_timestamp&quot;:&quot;0&quot;,&quot;copyright&quot;:&quot;&quot;,&quot;focal_length&quot;:&quot;0&quot;,&quot;iso&quot;:&quot;0&quot;,&quot;shutter_speed&quot;:&quot;0&quot;,&quot;title&quot;:&quot;&quot;,&quot;orientation&quot;:&quot;0&quot;}\" data-image-title=\"20210120_112639\" data-image-description=\"\" data-image-caption=\"\" data-large-file=\"https:\/\/nidodevacas.com.ar\/wp-content\/uploads\/2021\/01\/20210120_112639-scaled-e1611153752888.jpg\" class=\"wp-image-572 alignleft\" src=\"http:\/\/188rutaeditorial.com.ar\/wp-content\/uploads\/2021\/01\/20210120_112639-300x251.jpg\" alt=\"\" width=\"363\" height=\"304\" \/>En el marco del\u00a0<strong>Plan de Reactivaci\u00f3n \u201cProvincia en Marcha\u201d<\/strong>, destinado a paliar la situaci\u00f3n de sectores afectados por la pandemia, el <strong>Ministerio de Producci\u00f3n, Ciencia e Innovaci\u00f3n Tecnol\u00f3gica de la provincia de Buenos Aires invertir\u00e1 17 millones de pesos<\/strong>\u00a0en la\u00a0<strong>compra de libros a editoriales bonaerenses.<\/strong> El material adquirido ser\u00e1 distribuido mediante el Programa <strong>Cultura Solidaria<\/strong>, enfocado en las infancias, juventudes y adultos mayores.<\/p>\n<p>El <strong>Colectivo #188RutaEditorial<\/strong> participa en este programa que involucra a 57 editoriales bonaerenses en total. Las dos publicaciones seleccionadas fueron: <a href=\"http:\/\/188rutaeditorial.com.ar\/2019\/09\/11\/no-abras-la-ultima-puerta-luciano-molina\/\"><strong>\u201cNo abras la \u00faltima puerta\u201d<\/strong><\/a>, la novela de Luciano Molina que public\u00f3 Rama Negra y ha sido un <em>verdadero suceso a partir de su repercusi\u00f3n en las escuelas secundarias de Jun\u00edn y la regi\u00f3n<\/em>; y <a href=\"http:\/\/188rutaeditorial.com.ar\/2019\/04\/23\/politicas-del-discurso-diego-singer\/\"><strong>\u201cPol\u00edticas del discurso\u201d<\/strong><\/a>, del fil\u00f3sofo Diego Singer, que public\u00f3 Nido de vacas y tiene en circulaci\u00f3n la tercera edici\u00f3n luego de superar el millar de ejemplares vendidos.<\/p>\n<p>Este plan tiene dos grandes objetivos. Por un lado,<strong>\u00a0incentivar al sector editorial con un fuerte respaldo econ\u00f3mico<\/strong>\u00a0y por otro, a trav\u00e9s de Cultura Solidaria, promover la lectura. Este programa, dependiente de la Subsecretar\u00eda de Promoci\u00f3n Sociocultural,\u00a0<strong>est\u00e1 enfocado en las infancias, juventudes y adultos mayores y propone garantizar los derechos culturales, promover la lectura y fomentar las capacidades art\u00edsticas<\/strong>\u00a0mediante el dise\u00f1o y desarrollo propuestas culturales, l\u00fadicas y creativas, entre las que se encuentran las entregas de libros y bibliotecas a los sectores m\u00e1s vulnerables.\u00a0<strong>Los libros ser\u00e1n entregados a trav\u00e9s de Unidades de Desarrollo Infantil (UDI), compuestas por Centros de Atenci\u00f3n integral (CA), Casas del ni\u00f1o y Centros juveniles<\/strong>; y mediante unidades terap\u00e9uticas de recuperaci\u00f3n de consumos problem\u00e1ticos. Tambi\u00e9n se enviar\u00e1n a j\u00f3venes que se encuentran bajo el r\u00e9gimen de responsabilidad penal juvenil y a los hogares de Adultos mayores de la Provincia.<\/p>\n<p>Durante el acto, que se realiz\u00f3 en la Biblioteca \u00abEl otro lado del \u00e1rbol\u00bb en Parque Saavedra de La Plata, el ministro Augusto Costa remarc\u00f3 que el Ejecutivo provincial tiene \u00abel compromiso con todas la bibliotecas populares y espacios de la cultura de Buenos Aires\u00bb.<\/p>\n<p>\u00abNo es que no hay cultura, no hay actividad art\u00edstica o editoriales en la Provincia. Lo que no hab\u00eda eran pol\u00edticas para impulsar, desarrollar y acompa\u00f1ar. La cuesti\u00f3n central fue hacer un relevamiento de nuestras editoriales que se pudo desarrollar durante este tiempo\u00bb, destac\u00f3.<\/p>\n<p>Los libros ser\u00e1n entregados a adultos mayores, j\u00f3venes, adolescentes y ni\u00f1os y ni\u00f1as de la Provincia a trav\u00e9s de las Unidades de Desarrollo Infantil (UDI) compuestas por Centros de atenci\u00f3n integral (CA), Casas del ni\u00f1o y Centros juveniles; de unidades terap\u00e9uticas de recuperaci\u00f3n de consumos problem\u00e1ticos; a j\u00f3venes que se encuentran bajo el r\u00e9gimen de responsabilidad penal juvenil; y a los hogares de Adultos mayores de la Provincia.<\/p>\n<p><a href=\"http:\/\/188rutaeditorial.com.ar\/wp-content\/uploads\/2021\/01\/unnamed-e1611153509357.jpg\"><img loading=\"lazy\" decoding=\"async\" data-attachment-id=\"571\" data-permalink=\"https:\/\/nidodevacas.com.ar\/?attachment_id=571\" data-orig-file=\"https:\/\/nidodevacas.com.ar\/wp-content\/uploads\/2021\/01\/unnamed-e1611153509357.jpg\" data-orig-size=\"800,522\" data-comments-opened=\"1\" data-image-meta=\"{&quot;aperture&quot;:&quot;0&quot;,&quot;credit&quot;:&quot;&quot;,&quot;camera&quot;:&quot;&quot;,&quot;caption&quot;:&quot;&quot;,&quot;created_timestamp&quot;:&quot;0&quot;,&quot;copyright&quot;:&quot;&quot;,&quot;focal_length&quot;:&quot;0&quot;,&quot;iso&quot;:&quot;0&quot;,&quot;shutter_speed&quot;:&quot;0&quot;,&quot;title&quot;:&quot;&quot;,&quot;orientation&quot;:&quot;0&quot;}\" data-image-title=\"unnamed\" data-image-description=\"\" data-image-caption=\"\" data-large-file=\"https:\/\/nidodevacas.com.ar\/wp-content\/uploads\/2021\/01\/unnamed-1024x669.jpg\" class=\"aligncenter size-large wp-image-571\" src=\"http:\/\/188rutaeditorial.com.ar\/wp-content\/uploads\/2021\/01\/unnamed-1024x669.jpg\" alt=\"\" width=\"800\" height=\"523\" \/><\/a><\/p>\n","protected":false},"excerpt":{"rendered":"<p>Dos libros de la #188 fueron seleccionados para participar en el Programa Cultura Solidaria, una iniciativa del gobierno de la provincia de Buenos Aires que involucra al sector editorial cooperativista e independiente. \u201cNo abras la \u00faltima puerta\u201d, de Lucho Molina, y \u201cPol\u00edticas del discurso\u201d, de Diego Singer, entre los libros seleccionados.<\/p>\n","protected":false},"author":3,"featured_media":572,"comment_status":"open","ping_status":"open","sticky":false,"template":"","format":"standard","meta":{"_jetpack_memberships_contains_paid_content":false,"footnotes":""},"categories":[3],"tags":[64,63],"class_list":["post-569","post","type-post","status-publish","format-standard","has-post-thumbnail","hentry","category-actualidad","tag-cultura-solidaria","tag-libros"],"jetpack_featured_media_url":"https:\/\/nidodevacas.com.ar\/wp-content\/uploads\/2021\/01\/20210120_112639-scaled-e1611153752888.jpg","jetpack_sharing_enabled":true,"_links":{"self":[{"href":"https:\/\/nidodevacas.com.ar\/index.php?rest_route=\/wp\/v2\/posts\/569","targetHints":{"allow":["GET"]}}],"collection":[{"href":"https:\/\/nidodevacas.com.ar\/index.php?rest_route=\/wp\/v2\/posts"}],"about":[{"href":"https:\/\/nidodevacas.com.ar\/index.php?rest_route=\/wp\/v2\/types\/post"}],"author":[{"embeddable":true,"href":"https:\/\/nidodevacas.com.ar\/index.php?rest_route=\/wp\/v2\/users\/3"}],"replies":[{"embeddable":true,"href":"https:\/\/nidodevacas.com.ar\/index.php?rest_route=%2Fwp%2Fv2%2Fcomments&post=569"}],"version-history":[{"count":4,"href":"https:\/\/nidodevacas.com.ar\/index.php?rest_route=\/wp\/v2\/posts\/569\/revisions"}],"predecessor-version":[{"id":575,"href":"https:\/\/nidodevacas.com.ar\/index.php?rest_route=\/wp\/v2\/posts\/569\/revisions\/575"}],"wp:featuredmedia":[{"embeddable":true,"href":"https:\/\/nidodevacas.com.ar\/index.php?rest_route=\/wp\/v2\/media\/572"}],"wp:attachment":[{"href":"https:\/\/nidodevacas.com.ar\/index.php?rest_route=%2Fwp%2Fv2%2Fmedia&parent=569"}],"wp:term":[{"taxonomy":"category","embeddable":true,"href":"https:\/\/nidodevacas.com.ar\/index.php?rest_route=%2Fwp%2Fv2%2Fcategories&post=569"},{"taxonomy":"post_tag","embeddable":true,"href":"https:\/\/nidodevacas.com.ar\/index.php?rest_route=%2Fwp%2Fv2%2Ftags&post=569"}],"curies":[{"name":"wp","href":"https:\/\/api.w.org\/{rel}","templated":true}]}}