{"id":517,"date":"2020-11-17T01:43:11","date_gmt":"2020-11-17T01:43:11","guid":{"rendered":"http:\/\/188rutaeditorial.com.ar\/?p=517"},"modified":"2020-11-17T01:47:09","modified_gmt":"2020-11-17T01:47:09","slug":"la-clandestina-luciano-bevacqua","status":"publish","type":"post","link":"https:\/\/nidodevacas.com.ar\/?p=517","title":{"rendered":"La Clandestina (Luciano Bevacqua)"},"content":{"rendered":"<p style=\"text-align: left;\"><img loading=\"lazy\" decoding=\"async\" data-attachment-id=\"518\" data-permalink=\"https:\/\/nidodevacas.com.ar\/?attachment_id=518\" data-orig-file=\"https:\/\/nidodevacas.com.ar\/wp-content\/uploads\/2020\/11\/La-Clandestina-Luciano-Bevacqua-scaled.jpg\" data-orig-size=\"1746,2560\" data-comments-opened=\"1\" data-image-meta=\"{&quot;aperture&quot;:&quot;0&quot;,&quot;credit&quot;:&quot;&quot;,&quot;camera&quot;:&quot;&quot;,&quot;caption&quot;:&quot;&quot;,&quot;created_timestamp&quot;:&quot;0&quot;,&quot;copyright&quot;:&quot;&quot;,&quot;focal_length&quot;:&quot;0&quot;,&quot;iso&quot;:&quot;0&quot;,&quot;shutter_speed&quot;:&quot;0&quot;,&quot;title&quot;:&quot;&quot;,&quot;orientation&quot;:&quot;0&quot;}\" data-image-title=\"La Clandestina &amp;#8211; Luciano Bevacqua\" data-image-description=\"\" data-image-caption=\"\" data-large-file=\"https:\/\/nidodevacas.com.ar\/wp-content\/uploads\/2020\/11\/La-Clandestina-Luciano-Bevacqua-698x1024.jpg\" class=\"size-medium wp-image-518 alignleft\" src=\"http:\/\/188rutaeditorial.com.ar\/wp-content\/uploads\/2020\/11\/La-Clandestina-Luciano-Bevacqua-205x300.jpg\" alt=\"\" width=\"205\" height=\"300\" srcset=\"https:\/\/nidodevacas.com.ar\/wp-content\/uploads\/2020\/11\/La-Clandestina-Luciano-Bevacqua-205x300.jpg 205w, https:\/\/nidodevacas.com.ar\/wp-content\/uploads\/2020\/11\/La-Clandestina-Luciano-Bevacqua-scaled-600x880.jpg 600w, https:\/\/nidodevacas.com.ar\/wp-content\/uploads\/2020\/11\/La-Clandestina-Luciano-Bevacqua-698x1024.jpg 698w, https:\/\/nidodevacas.com.ar\/wp-content\/uploads\/2020\/11\/La-Clandestina-Luciano-Bevacqua-768x1126.jpg 768w, https:\/\/nidodevacas.com.ar\/wp-content\/uploads\/2020\/11\/La-Clandestina-Luciano-Bevacqua-1048x1536.jpg 1048w, https:\/\/nidodevacas.com.ar\/wp-content\/uploads\/2020\/11\/La-Clandestina-Luciano-Bevacqua-1397x2048.jpg 1397w, https:\/\/nidodevacas.com.ar\/wp-content\/uploads\/2020\/11\/La-Clandestina-Luciano-Bevacqua-scaled.jpg 1746w\" sizes=\"auto, (max-width: 205px) 100vw, 205px\" \/>\u201cEscribo porque se me da la gana. Porque soy molesto. Porque es m\u00e1s sano y f\u00e1cil que gritar; y se llega a m\u00e1s gente. Por eso escribo (&#8230;) Escribo todo el d\u00eda en cualquier papel, mezclo las palabras para ver qu\u00e9 sale, qu\u00e9 pasa si me lo digo, si me tiro ideas.\u201d<br \/>\nLuciano escribe, dibuja y pinta, se entretiene con el tiempo, juega con el arte, pero no por una cuesti\u00f3n de \u201cganas\u201d ni solo porque es \u201cmolesto\u201d. A \u00e9l le preocupan las personas, y con ellas, la justicia social es divina. Un ser, para existir, adem\u00e1s de comer, necesita educarse y disfrutar. En La Clandestina se grita por eso, se reclama por una canasta b\u00e1sica que incluya humor, poes\u00eda, pan, y una cerveza a elecci\u00f3n, porque la inclusi\u00f3n, en parte tambi\u00e9n deber\u00eda ser eso\u2026<\/p>\n<h3><\/h3>\n<h4><strong>La Clandestina<\/strong><\/h4>\n<p>Luciano Bevacqua<\/p>\n<p>Milena Pergamino, 2020. Colecci\u00f3n Milena Clandestina. (Historietas, relatos, poes\u00eda)<\/p>\n<p>22 x 15, 120 p\u00e1ginas.<\/p>\n<p>ISBN 978-987-86-5674-8<\/p>\n<p>Para comprar este libro o saber m\u00e1s sobre \u00e9l:<\/p>\n<p><a href=\"https:\/\/coleccionclandesti.wixsite.com\/website\" target=\"_blank\" rel=\"noopener noreferrer\">Colecci\u00f3n Milena Clandestina<\/a><\/p>\n","protected":false},"excerpt":{"rendered":"<p>Libro que encabeza la colecci\u00f3n Milena Clandestina. Una recopilaci\u00f3n de la revista hom\u00f3nima que se difunde por su propio autor y \u201cc\u00f3mplices\u201d lectores. Historietas sat\u00edricas y a la vez sensibles, que incluye poes\u00eda y cuentos, entre otros g\u00e9neros.<\/p>\n","protected":false},"author":3,"featured_media":518,"comment_status":"open","ping_status":"open","sticky":false,"template":"","format":"standard","meta":{"_jetpack_memberships_contains_paid_content":false,"footnotes":""},"categories":[1],"tags":[58,59,52,38,60],"class_list":["post-517","post","type-post","status-publish","format-standard","has-post-thumbnail","hentry","category-1","tag-critica","tag-historieta","tag-humor","tag-ilustrados","tag-politica"],"jetpack_featured_media_url":"https:\/\/nidodevacas.com.ar\/wp-content\/uploads\/2020\/11\/La-Clandestina-Luciano-Bevacqua-scaled.jpg","jetpack_sharing_enabled":true,"_links":{"self":[{"href":"https:\/\/nidodevacas.com.ar\/index.php?rest_route=\/wp\/v2\/posts\/517","targetHints":{"allow":["GET"]}}],"collection":[{"href":"https:\/\/nidodevacas.com.ar\/index.php?rest_route=\/wp\/v2\/posts"}],"about":[{"href":"https:\/\/nidodevacas.com.ar\/index.php?rest_route=\/wp\/v2\/types\/post"}],"author":[{"embeddable":true,"href":"https:\/\/nidodevacas.com.ar\/index.php?rest_route=\/wp\/v2\/users\/3"}],"replies":[{"embeddable":true,"href":"https:\/\/nidodevacas.com.ar\/index.php?rest_route=%2Fwp%2Fv2%2Fcomments&post=517"}],"version-history":[{"count":2,"href":"https:\/\/nidodevacas.com.ar\/index.php?rest_route=\/wp\/v2\/posts\/517\/revisions"}],"predecessor-version":[{"id":520,"href":"https:\/\/nidodevacas.com.ar\/index.php?rest_route=\/wp\/v2\/posts\/517\/revisions\/520"}],"wp:featuredmedia":[{"embeddable":true,"href":"https:\/\/nidodevacas.com.ar\/index.php?rest_route=\/wp\/v2\/media\/518"}],"wp:attachment":[{"href":"https:\/\/nidodevacas.com.ar\/index.php?rest_route=%2Fwp%2Fv2%2Fmedia&parent=517"}],"wp:term":[{"taxonomy":"category","embeddable":true,"href":"https:\/\/nidodevacas.com.ar\/index.php?rest_route=%2Fwp%2Fv2%2Fcategories&post=517"},{"taxonomy":"post_tag","embeddable":true,"href":"https:\/\/nidodevacas.com.ar\/index.php?rest_route=%2Fwp%2Fv2%2Ftags&post=517"}],"curies":[{"name":"wp","href":"https:\/\/api.w.org\/{rel}","templated":true}]}}