{"id":329,"date":"2020-09-10T18:41:22","date_gmt":"2020-09-10T18:41:22","guid":{"rendered":"http:\/\/188rutaeditorial.com.ar\/?p=329"},"modified":"2020-09-10T20:57:18","modified_gmt":"2020-09-10T20:57:18","slug":"cuarentena-y-como-te-sentis-con-eso-estreno-proximo-sabado-12-a-las-21-00","status":"publish","type":"post","link":"https:\/\/nidodevacas.com.ar\/?p=329","title":{"rendered":"\u00abCUARENTENA: Y c\u00f3mo te sent\u00eds con eso?\u00bb Estreno el s\u00e1bado 12 de septiembre"},"content":{"rendered":"<p><img loading=\"lazy\" decoding=\"async\" class=\"size-medium wp-image-330 alignleft\" src=\"http:\/\/188rutaeditorial.com.ar\/wp-content\/uploads\/2020\/09\/2-300x300.jpeg\" alt=\"\" width=\"300\" height=\"300\" \/><\/p>\n<p><strong>El pr\u00f3ximo s\u00e1bado 12, a las 21, se estrenar\u00e1 el segundo episodio de la serie de cortos<em> Cuarentena: Y c\u00f3mo te sent\u00eds con eso?<\/em> Por la plataforma Escena Digital Pergamino.<\/strong><\/p>\n<p>El ciclo pensado a partir de la pandemia por el sello Los Veleros Producciones presenta, luego de: <em>Inhalo y exhalo<\/em>, el segundo audiovisual. En esta oportunidad con las actuaciones de Ezequiel Gabella y Bel\u00e9n Valentini, dramaturgia de Fernando Vilches, musicalizaci\u00f3n de Mariano Risso, y bajo la direcci\u00f3n de Luciana Cruz y Facundo Cruz se lleva a cabo una situaci\u00f3n quiz\u00e1s no in\u00e9dita pero s\u00ed extra\u00f1a para otros tiempos:<br \/>\n\u00abTom\u00e1s comparte la conflictiva realidad que vive en su terapia por Zoom. Alicia, la terapeuta, lo escucha&#8230; lo escucha? La virtualidad que permite que todo pueda pasar&#8230;\u00bb<\/p>\n<p>\u00bfQui\u00e9n est\u00e1 detr\u00e1s de la pantalla? Estreno s\u00e1bado 12, 21 por:<\/p>\n<p><a href=\"http:\/\/www.escenadigitalpergamino.com\" target=\"_blank\" rel=\"noopener noreferrer\">Escena Digital Pergamino<\/a><\/p>\n<p>o en:<\/p>\n<p><a href=\"https:\/\/www.facebook.com\/losvelerosproducciones\/\" target=\"_blank\" rel=\"noopener noreferrer\">Facebook \/\/ Los Veleros Producciones<\/a><\/p>\n<p><a href=\"https:\/\/instagram.com\/losveleros?igshid=rv333kvk2xci\" target=\"_blank\" rel=\"noopener noreferrer\">Instagram \/\/ Los Veleros Producciones<\/a><\/p>\n<p>EPISODIO 1# &#8211; Inhalo y Exhalo<\/p>\n<p><iframe loading=\"lazy\" title=\"CUARENTENA: Episodio #1 - Inhalo y Exhalo - SERIE FICCI\u00d3N - Los Veleros Producciones.\" width=\"800\" height=\"450\" src=\"https:\/\/www.youtube.com\/embed\/nYgpFAhkOWA?feature=oembed\" frameborder=\"0\" allow=\"accelerometer; autoplay; encrypted-media; gyroscope; picture-in-picture\" allowfullscreen><\/iframe><\/p>\n","protected":false},"excerpt":{"rendered":"<p>\u00abTom\u00e1s comparte la conflictiva realidad que vive en su terapia por Zoom. Alicia, la terapeuta, lo escucha&#8230; lo escucha? La virtualidad que permite que todo pueda pasar&#8230;\u00bb<\/p>\n","protected":false},"author":3,"featured_media":0,"comment_status":"open","ping_status":"open","sticky":false,"template":"","format":"standard","meta":{"_jetpack_memberships_contains_paid_content":false,"footnotes":""},"categories":[3],"tags":[49,22,36],"class_list":["post-329","post","type-post","status-publish","format-standard","hentry","category-actualidad","tag-audiovisuales","tag-humor-absurdo","tag-pandemia"],"jetpack_featured_media_url":"","jetpack_sharing_enabled":true,"_links":{"self":[{"href":"https:\/\/nidodevacas.com.ar\/index.php?rest_route=\/wp\/v2\/posts\/329","targetHints":{"allow":["GET"]}}],"collection":[{"href":"https:\/\/nidodevacas.com.ar\/index.php?rest_route=\/wp\/v2\/posts"}],"about":[{"href":"https:\/\/nidodevacas.com.ar\/index.php?rest_route=\/wp\/v2\/types\/post"}],"author":[{"embeddable":true,"href":"https:\/\/nidodevacas.com.ar\/index.php?rest_route=\/wp\/v2\/users\/3"}],"replies":[{"embeddable":true,"href":"https:\/\/nidodevacas.com.ar\/index.php?rest_route=%2Fwp%2Fv2%2Fcomments&post=329"}],"version-history":[{"count":6,"href":"https:\/\/nidodevacas.com.ar\/index.php?rest_route=\/wp\/v2\/posts\/329\/revisions"}],"predecessor-version":[{"id":339,"href":"https:\/\/nidodevacas.com.ar\/index.php?rest_route=\/wp\/v2\/posts\/329\/revisions\/339"}],"wp:attachment":[{"href":"https:\/\/nidodevacas.com.ar\/index.php?rest_route=%2Fwp%2Fv2%2Fmedia&parent=329"}],"wp:term":[{"taxonomy":"category","embeddable":true,"href":"https:\/\/nidodevacas.com.ar\/index.php?rest_route=%2Fwp%2Fv2%2Fcategories&post=329"},{"taxonomy":"post_tag","embeddable":true,"href":"https:\/\/nidodevacas.com.ar\/index.php?rest_route=%2Fwp%2Fv2%2Ftags&post=329"}],"curies":[{"name":"wp","href":"https:\/\/api.w.org\/{rel}","templated":true}]}}