{"id":290,"date":"2020-08-22T15:04:49","date_gmt":"2020-08-22T15:04:49","guid":{"rendered":"http:\/\/188rutaeditorial.com.ar\/?p=290"},"modified":"2020-08-22T15:05:28","modified_gmt":"2020-08-22T15:05:28","slug":"un-alarido-contra-la-sociedad-contra-el-sistema-juan-jose-oppizzi","status":"publish","type":"post","link":"https:\/\/nidodevacas.com.ar\/?p=290","title":{"rendered":"\u00abUn alarido contra la sociedad, contra el sistema\u00bb"},"content":{"rendered":"<h3><a href=\"http:\/\/188rutaeditorial.com.ar\/2018\/09\/01\/el-vertigo-de-la-felicidad-amir-abdala\/\"><strong>Acerca de <em>El v\u00e9rtigo de la felicidad<\/em><\/strong><\/a>, de Amir Abdala\u00a0(Nido de vacas, 2018)<\/h3>\n<h4><strong>Por Juan Jos\u00e9 Oppizzi<\/strong><\/h4>\n<p>&nbsp;<\/p>\n<p><img loading=\"lazy\" decoding=\"async\" data-attachment-id=\"291\" data-permalink=\"https:\/\/nidodevacas.com.ar\/?attachment_id=291\" data-orig-file=\"https:\/\/nidodevacas.com.ar\/wp-content\/uploads\/2020\/08\/Oppizzi-Amir.jpg\" data-orig-size=\"643,315\" data-comments-opened=\"1\" data-image-meta=\"{&quot;aperture&quot;:&quot;0&quot;,&quot;credit&quot;:&quot;&quot;,&quot;camera&quot;:&quot;&quot;,&quot;caption&quot;:&quot;&quot;,&quot;created_timestamp&quot;:&quot;0&quot;,&quot;copyright&quot;:&quot;&quot;,&quot;focal_length&quot;:&quot;0&quot;,&quot;iso&quot;:&quot;0&quot;,&quot;shutter_speed&quot;:&quot;0&quot;,&quot;title&quot;:&quot;&quot;,&quot;orientation&quot;:&quot;1&quot;}\" data-image-title=\"Oppizzi Amir\" data-image-description=\"\" data-image-caption=\"\" data-large-file=\"https:\/\/nidodevacas.com.ar\/wp-content\/uploads\/2020\/08\/Oppizzi-Amir.jpg\" class=\" wp-image-291 alignleft\" src=\"http:\/\/188rutaeditorial.com.ar\/wp-content\/uploads\/2020\/08\/Oppizzi-Amir-300x147.jpg\" alt=\"\" width=\"339\" height=\"166\" srcset=\"https:\/\/nidodevacas.com.ar\/wp-content\/uploads\/2020\/08\/Oppizzi-Amir-300x147.jpg 300w, https:\/\/nidodevacas.com.ar\/wp-content\/uploads\/2020\/08\/Oppizzi-Amir-600x294.jpg 600w, https:\/\/nidodevacas.com.ar\/wp-content\/uploads\/2020\/08\/Oppizzi-Amir-640x315.jpg 640w, https:\/\/nidodevacas.com.ar\/wp-content\/uploads\/2020\/08\/Oppizzi-Amir.jpg 643w\" sizes=\"auto, (max-width: 339px) 100vw, 339px\" \/><\/p>\n<p>Una de las definiciones m\u00e1s acertadas sobre esta novela proviene de su\u00a0mismo texto: \u201c\u2026el argumento po\u00e9tico hace (e hizo) hincapi\u00e9 en la\u00a0met\u00e1fora\u2026\u201d Yo me animo a decir que tambi\u00e9n hace hincapi\u00e9 en la paradoja y\u00a0en el ox\u00edmoron. De hecho, toda la novela es un gigantesco discurso fabricado\u00a0mediante esas tres herramientas. Ellas sirven al objetivo central de la obra: un\u00a0alarido contra la sociedad, contra el sistema.<\/p>\n<p>Con un variado y rico manejo del\u00a0lenguaje, acumula im\u00e1genes que son propias del poema, no de la prosa. Tal\u00a0caracter\u00edstica no va en detrimento de su \u00edndole novel\u00edstica, ya que consiste en\u00a0una de las infinitas maneras de encarar el hilo de la narraci\u00f3n. A cada paso\u00a0brotan conclusiones que buscan definir, pese a que el personaje narrador\u00a0reniega de las definiciones. El tono general es pesimista. El personaje\u00a0femenino principal, Isabel, es tan contradictorio como el que sirve de\u00a0transmisor de la historia, su amante-v\u00edctima. De pronto, uno y otra se ven\u00a0radiantes y puros; de pronto, diab\u00f3licos y llenos de sombras. La estructura\u00a0psicol\u00f3gica de ambos es b\u00e1sicamente autodestructiva. El marginarse de la\u00a0sociedad no los lleva a construirse un \u00e1mbito propio y fuerte, sino a dejar\u00a0pedazos de sus vidas en cada confrontaci\u00f3n con el orden establecido.<\/p>\n<p>En su juvenil libro \u201cUno y el universo\u201d, Ernesto Sabato dedica un\u00a0cap\u00edtulo a analizar la obra de Jorge Luis Borges y a se\u00f1alar la simpat\u00eda de este\u00a0por los temas que tan caros les han sido a Dostoievsky y a Sartre, entre otros\u00a0precursores y sostenedores del existencialismo (aunque Jorge Luis no los\u00a0mencione): amantes que matan a su amor por amor, rebeldes que se someten\u00a0por rebeld\u00eda a lo que combaten, dichosos que se buscan problemas por exceso\u00a0de dicha. En esa l\u00ednea se ubica, por ejemplo, el terrible episodio de \u201cEl v\u00e9rtigo\u00a0de la felicidad\u201d en el que un brutal muchacho provoca, a patadas, el aborto de\u00a0su novia, amando al hijo que esta lleva en sus entra\u00f1as. La menci\u00f3n reiterada\u00a0de Nietszche y, precisamente, tambi\u00e9n del existencialismo, denota las amplias\u00a0lecturas de Amir Abdala; las necesarias \u2013condici\u00f3n sine qua non\u2013 para poder<br \/>\ndedicarse a escribir.<\/p>\n<p>Una caracter\u00edstica saliente de \u201cEl v\u00e9rtigo de la felicidad\u201d es la falta de\u00a0una acci\u00f3n, es decir de la descripci\u00f3n de hechos sucesivos. El desarrollo de la\u00a0obra consiste en recuerdos reflexivos, im\u00e1genes analizadas y exposiciones del\u00a0mutante pensamiento de quien narra. No hay una conceptuaci\u00f3n clara. La\u00a0prosa juega con la ambig\u00fcedad. Ese parentesco siempre afirmado con el\u00a0poema trae como consecuencia ineludible que la obra finalice con uno,\u00a0titulado \u201cAbdique viejo rey\u201d, en el que se adivina el prop\u00f3sito de sintetizar el\u00a0credo filos\u00f3fico del narrador \u2013y del autor\u2013. Quiz\u00e1 no hab\u00eda otra manera de\u00a0cerrar una novela de ra\u00edz tan dif\u00edcil de palpar como esta.<\/p>\n<p>Como reflexi\u00f3n \u00faltima, se me ocurre imaginar c\u00f3mo habr\u00e1 sido el\u00a0proceso creativo para el autor, cu\u00e1ntos dolores habr\u00e1 debido resucitar, cu\u00e1ntos\u00a0fantasmas habr\u00e1 tenido que enfrentar, para ir plasmando un texto tan abundoso\u00a0en carnes vivas, en heridas, en desdichas.<\/p>\n<p>.<\/p>\n<p>.<\/p>\n<p>&nbsp;<\/p>\n","protected":false},"excerpt":{"rendered":"<p>El escritor Juan Jos\u00e9 Oppizzi analiza el libro \u00abEl v\u00e9rtigo de la felicidad\u00bb, de Amir Abdala.<\/p>\n","protected":false},"author":3,"featured_media":292,"comment_status":"open","ping_status":"open","sticky":false,"template":"","format":"standard","meta":{"_jetpack_memberships_contains_paid_content":false,"footnotes":""},"categories":[6],"tags":[14,43,46],"class_list":["post-290","post","type-post","status-publish","format-standard","has-post-thumbnail","hentry","category-critica","tag-novela","tag-novela-psicologica","tag-resena"],"jetpack_featured_media_url":"https:\/\/nidodevacas.com.ar\/wp-content\/uploads\/2020\/08\/Foto-portada-interior-scaled.jpg","jetpack_sharing_enabled":true,"_links":{"self":[{"href":"https:\/\/nidodevacas.com.ar\/index.php?rest_route=\/wp\/v2\/posts\/290","targetHints":{"allow":["GET"]}}],"collection":[{"href":"https:\/\/nidodevacas.com.ar\/index.php?rest_route=\/wp\/v2\/posts"}],"about":[{"href":"https:\/\/nidodevacas.com.ar\/index.php?rest_route=\/wp\/v2\/types\/post"}],"author":[{"embeddable":true,"href":"https:\/\/nidodevacas.com.ar\/index.php?rest_route=\/wp\/v2\/users\/3"}],"replies":[{"embeddable":true,"href":"https:\/\/nidodevacas.com.ar\/index.php?rest_route=%2Fwp%2Fv2%2Fcomments&post=290"}],"version-history":[{"count":4,"href":"https:\/\/nidodevacas.com.ar\/index.php?rest_route=\/wp\/v2\/posts\/290\/revisions"}],"predecessor-version":[{"id":300,"href":"https:\/\/nidodevacas.com.ar\/index.php?rest_route=\/wp\/v2\/posts\/290\/revisions\/300"}],"wp:featuredmedia":[{"embeddable":true,"href":"https:\/\/nidodevacas.com.ar\/index.php?rest_route=\/wp\/v2\/media\/292"}],"wp:attachment":[{"href":"https:\/\/nidodevacas.com.ar\/index.php?rest_route=%2Fwp%2Fv2%2Fmedia&parent=290"}],"wp:term":[{"taxonomy":"category","embeddable":true,"href":"https:\/\/nidodevacas.com.ar\/index.php?rest_route=%2Fwp%2Fv2%2Fcategories&post=290"},{"taxonomy":"post_tag","embeddable":true,"href":"https:\/\/nidodevacas.com.ar\/index.php?rest_route=%2Fwp%2Fv2%2Ftags&post=290"}],"curies":[{"name":"wp","href":"https:\/\/api.w.org\/{rel}","templated":true}]}}