{"id":2856,"date":"2025-12-15T08:01:55","date_gmt":"2025-12-15T11:01:55","guid":{"rendered":"https:\/\/nidodevacas.com.ar\/?p=2856"},"modified":"2025-12-15T10:43:03","modified_gmt":"2025-12-15T13:43:03","slug":"nueva-tienda-virtual","status":"publish","type":"post","link":"https:\/\/nidodevacas.com.ar\/?p=2856","title":{"rendered":"Nueva tienda virtual"},"content":{"rendered":"<p data-start=\"304\" data-end=\"603\"><span style=\"color: #000000;\"><strong>Nido de Vacas Ediciones<\/strong> presenta su nueva tienda virtual y da un paso m\u00e1s en la consolidaci\u00f3n de su proyecto editorial. <\/span><\/p>\n<p data-start=\"304\" data-end=\"603\"><span style=\"color: #000000;\">A partir de ahora, todo su cat\u00e1logo puede encontrarse en un nuevo espacio online, m\u00e1s \u00e1gil, claro y accesible, pensado para mejorar la experiencia de lectura desde el primer clic:<\/span><\/p>\n<p data-start=\"304\" data-end=\"603\"><a href=\"https:\/\/nidodevacas.empretienda.com.ar\/\"><img loading=\"lazy\" decoding=\"async\" data-attachment-id=\"2858\" data-permalink=\"https:\/\/nidodevacas.com.ar\/?attachment_id=2858\" data-orig-file=\"https:\/\/nidodevacas.com.ar\/wp-content\/uploads\/2025\/12\/empretienda-logo-copia-scaled.png\" data-orig-size=\"2560,154\" data-comments-opened=\"0\" data-image-meta=\"{&quot;aperture&quot;:&quot;0&quot;,&quot;credit&quot;:&quot;&quot;,&quot;camera&quot;:&quot;&quot;,&quot;caption&quot;:&quot;&quot;,&quot;created_timestamp&quot;:&quot;0&quot;,&quot;copyright&quot;:&quot;&quot;,&quot;focal_length&quot;:&quot;0&quot;,&quot;iso&quot;:&quot;0&quot;,&quot;shutter_speed&quot;:&quot;0&quot;,&quot;title&quot;:&quot;&quot;,&quot;orientation&quot;:&quot;0&quot;}\" data-image-title=\"empretienda logo copia\" data-image-description=\"\" data-image-caption=\"\" data-large-file=\"https:\/\/nidodevacas.com.ar\/wp-content\/uploads\/2025\/12\/empretienda-logo-copia-1024x62.png\" class=\"alignnone wp-image-2858\" src=\"https:\/\/nidodevacas.com.ar\/wp-content\/uploads\/2025\/12\/empretienda-logo-copia-300x18.png\" alt=\"\" width=\"350\" height=\"21\" srcset=\"https:\/\/nidodevacas.com.ar\/wp-content\/uploads\/2025\/12\/empretienda-logo-copia-300x18.png 300w, https:\/\/nidodevacas.com.ar\/wp-content\/uploads\/2025\/12\/empretienda-logo-copia-600x36.png 600w, https:\/\/nidodevacas.com.ar\/wp-content\/uploads\/2025\/12\/empretienda-logo-copia-1024x62.png 1024w, https:\/\/nidodevacas.com.ar\/wp-content\/uploads\/2025\/12\/empretienda-logo-copia-768x46.png 768w, https:\/\/nidodevacas.com.ar\/wp-content\/uploads\/2025\/12\/empretienda-logo-copia-1536x93.png 1536w, https:\/\/nidodevacas.com.ar\/wp-content\/uploads\/2025\/12\/empretienda-logo-copia-2048x124.png 2048w\" sizes=\"auto, (max-width: 350px) 100vw, 350px\" \/><\/a><\/p>\n<p data-start=\"605\" data-end=\"1002\"><span style=\"color: #000000;\">La mudanza no es solo un cambio de direcci\u00f3n: es una renovaci\u00f3n integral que busca acercar los libros a lectoras y lectores, facilitar la navegaci\u00f3n por el cat\u00e1logo y ofrecer informaci\u00f3n actualizada sobre lanzamientos, promociones y novedades editoriales. En este nuevo entorno, la editorial refuerza su identidad y su v\u00ednculo con la comunidad que la acompa\u00f1a desde hace a\u00f1os.<\/span><\/p>\n<p data-start=\"1004\" data-end=\"1314\"><span style=\"color: #000000;\">El <strong>lanzamiento llega acompa\u00f1ado por promociones especiales por tiempo limitado, con descuentos y ofertas pensadas para celebrar esta nueva etapa<\/strong>. Una invitaci\u00f3n a recorrer el cat\u00e1logo, descubrir t\u00edtulos recientes y reencontrarse con libros que ya forman parte del recorrido de Nido de Vacas.<\/span><\/p>\n<p data-start=\"1316\" data-end=\"1438\"><span style=\"color: #000000;\">La nueva tienda virtual ya se encuentra disponible y puede visitarse desde el enlace en la bio de nuestras redes sociales.<\/span><\/p>\n<p data-start=\"1316\" data-end=\"1438\">\n","protected":false},"excerpt":{"rendered":"<p>La nueva tienda virtual http:\/\/nidodevacas.empretienda.com.ar ya se encuentra disponible y puede visitarse desde el enlace en la bio de nuestras redes sociales.<\/p>\n","protected":false},"author":3,"featured_media":2859,"comment_status":"closed","ping_status":"closed","sticky":false,"template":"","format":"standard","meta":{"_jetpack_memberships_contains_paid_content":false,"footnotes":""},"categories":[3],"tags":[257,63,256],"class_list":["post-2856","post","type-post","status-publish","format-standard","has-post-thumbnail","hentry","category-actualidad","tag-empretienda","tag-libros","tag-tienda-virtual"],"jetpack_featured_media_url":"https:\/\/nidodevacas.com.ar\/wp-content\/uploads\/2025\/12\/Nueva-tienda-1-scaled.jpg","jetpack_sharing_enabled":true,"_links":{"self":[{"href":"https:\/\/nidodevacas.com.ar\/index.php?rest_route=\/wp\/v2\/posts\/2856","targetHints":{"allow":["GET"]}}],"collection":[{"href":"https:\/\/nidodevacas.com.ar\/index.php?rest_route=\/wp\/v2\/posts"}],"about":[{"href":"https:\/\/nidodevacas.com.ar\/index.php?rest_route=\/wp\/v2\/types\/post"}],"author":[{"embeddable":true,"href":"https:\/\/nidodevacas.com.ar\/index.php?rest_route=\/wp\/v2\/users\/3"}],"replies":[{"embeddable":true,"href":"https:\/\/nidodevacas.com.ar\/index.php?rest_route=%2Fwp%2Fv2%2Fcomments&post=2856"}],"version-history":[{"count":2,"href":"https:\/\/nidodevacas.com.ar\/index.php?rest_route=\/wp\/v2\/posts\/2856\/revisions"}],"predecessor-version":[{"id":2861,"href":"https:\/\/nidodevacas.com.ar\/index.php?rest_route=\/wp\/v2\/posts\/2856\/revisions\/2861"}],"wp:featuredmedia":[{"embeddable":true,"href":"https:\/\/nidodevacas.com.ar\/index.php?rest_route=\/wp\/v2\/media\/2859"}],"wp:attachment":[{"href":"https:\/\/nidodevacas.com.ar\/index.php?rest_route=%2Fwp%2Fv2%2Fmedia&parent=2856"}],"wp:term":[{"taxonomy":"category","embeddable":true,"href":"https:\/\/nidodevacas.com.ar\/index.php?rest_route=%2Fwp%2Fv2%2Fcategories&post=2856"},{"taxonomy":"post_tag","embeddable":true,"href":"https:\/\/nidodevacas.com.ar\/index.php?rest_route=%2Fwp%2Fv2%2Ftags&post=2856"}],"curies":[{"name":"wp","href":"https:\/\/api.w.org\/{rel}","templated":true}]}}