{"id":1701,"date":"2024-10-28T16:51:56","date_gmt":"2024-10-28T19:51:56","guid":{"rendered":"https:\/\/nidodevacas.com.ar\/?p=1701"},"modified":"2026-04-28T17:43:53","modified_gmt":"2026-04-28T20:43:53","slug":"autores","status":"publish","type":"post","link":"https:\/\/nidodevacas.com.ar\/?p=1701","title":{"rendered":"Autores"},"content":{"rendered":"<p>&nbsp;<\/p>\n<p><strong><img loading=\"lazy\" decoding=\"async\" data-attachment-id=\"1702\" data-permalink=\"https:\/\/nidodevacas.com.ar\/?attachment_id=1702\" data-orig-file=\"https:\/\/nidodevacas.com.ar\/wp-content\/uploads\/2024\/10\/Amir-Abdala.jpg\" data-orig-size=\"600,800\" data-comments-opened=\"0\" data-image-meta=\"{&quot;aperture&quot;:&quot;0&quot;,&quot;credit&quot;:&quot;&quot;,&quot;camera&quot;:&quot;&quot;,&quot;caption&quot;:&quot;&quot;,&quot;created_timestamp&quot;:&quot;0&quot;,&quot;copyright&quot;:&quot;&quot;,&quot;focal_length&quot;:&quot;0&quot;,&quot;iso&quot;:&quot;0&quot;,&quot;shutter_speed&quot;:&quot;0&quot;,&quot;title&quot;:&quot;&quot;,&quot;orientation&quot;:&quot;1&quot;}\" data-image-title=\"Amir Abdala\" data-image-description=\"\" data-image-caption=\"\" data-large-file=\"https:\/\/nidodevacas.com.ar\/wp-content\/uploads\/2024\/10\/Amir-Abdala.jpg\" class=\"size-medium wp-image-1702 alignleft\" src=\"https:\/\/nidodevacas.com.ar\/wp-content\/uploads\/2024\/10\/Amir-Abdala-225x300.jpg\" alt=\"\" width=\"225\" height=\"300\" srcset=\"https:\/\/nidodevacas.com.ar\/wp-content\/uploads\/2024\/10\/Amir-Abdala-225x300.jpg 225w, https:\/\/nidodevacas.com.ar\/wp-content\/uploads\/2024\/10\/Amir-Abdala.jpg 600w\" sizes=\"auto, (max-width: 225px) 100vw, 225px\" \/><span style=\"color: #000000;\">Amir Abdala<\/span><\/strong><span style=\"color: #000000;\"> (Rojas, Buenos Aires, 1990) Escritor autodidacta. Autor de los poemarios <em>Hay un poema dormido, hay un poeta despierto<\/em> (Imaginante, 2015), <em>Lo \u00fanico que pasa es lo que no se recupera<\/em> (Imaginante, 2016) y <em>Donde se suicidan las moscas<\/em> (Ediciones Fren\u00e9ticxs Danzantes, 2022), y de las novelas<\/span> <span style=\"color: #3366ff;\"><strong><a style=\"color: #3366ff;\" href=\"https:\/\/nidodevacas.com.ar\/2018\/09\/01\/el-vertigo-de-la-felicidad-amir-abdala\/\">El v\u00e9rtigo de la felicidad<\/a><\/strong><\/span> <span style=\"color: #000000;\">(Nido de Vacas, 2018) y<\/span> <span style=\"color: #3366ff;\"><a style=\"color: #3366ff;\" href=\"https:\/\/nidodevacas.com.ar\/2022\/08\/10\/entre-ratas-y-golondrinas-amir-abdala\/\"><strong>Entre ratas y golondrinas<\/strong><\/a> <\/span><span style=\"color: #000000;\">(Nido de Vacas, 2022). Habitualmente publica cuentos y poes\u00edas en revistas literarias. Algunas de sus obras in\u00e9ditas fueron premiadas en cert\u00e1menes nacionales e internacionales.<\/span><\/p>\n<p><span style=\"color: #000000;\"><strong>e-mail:<\/strong>\u00a0<\/span><span class=\"qu\" tabindex=\"-1\" role=\"gridcell\" translate=\"no\"><span class=\"go\"><span style=\"color: #000000;\">amir_9@hotmail.com<\/span> <strong><span style=\"color: #000000;\">\/<\/span><\/strong><strong><span style=\"color: #000000;\">\u00a0<\/span><\/strong><span style=\"color: #000000;\"><strong>IG<\/strong><\/span>:<span style=\"color: #3366ff;\"><a style=\"color: #3366ff;\" href=\"https:\/\/www.instagram.com\/_amirabdala\/\">@amirabdala <\/a><\/span><strong><span style=\"color: #000000;\">\/\u00a0FB<\/span><\/strong>:<span style=\"color: #3366ff;\"><a style=\"color: #3366ff;\" href=\"https:\/\/www.facebook.com\/mas.d.pizzas\">@amirdbala<\/a><\/span><\/span><\/span><\/p>\n<p>&nbsp;<\/p>\n<p>&nbsp;<\/p>\n<p>&nbsp;<\/p>\n<p><strong><img loading=\"lazy\" decoding=\"async\" data-attachment-id=\"1722\" data-permalink=\"https:\/\/nidodevacas.com.ar\/?attachment_id=1722\" data-orig-file=\"https:\/\/nidodevacas.com.ar\/wp-content\/uploads\/2024\/10\/Mercedes-Aguirre.jpg\" data-orig-size=\"600,800\" data-comments-opened=\"0\" data-image-meta=\"{&quot;aperture&quot;:&quot;0&quot;,&quot;credit&quot;:&quot;&quot;,&quot;camera&quot;:&quot;&quot;,&quot;caption&quot;:&quot;&quot;,&quot;created_timestamp&quot;:&quot;0&quot;,&quot;copyright&quot;:&quot;&quot;,&quot;focal_length&quot;:&quot;0&quot;,&quot;iso&quot;:&quot;0&quot;,&quot;shutter_speed&quot;:&quot;0&quot;,&quot;title&quot;:&quot;&quot;,&quot;orientation&quot;:&quot;1&quot;}\" data-image-title=\"Mercedes Aguirre\" data-image-description=\"\" data-image-caption=\"\" data-large-file=\"https:\/\/nidodevacas.com.ar\/wp-content\/uploads\/2024\/10\/Mercedes-Aguirre.jpg\" class=\"size-medium wp-image-1722 alignright\" src=\"https:\/\/nidodevacas.com.ar\/wp-content\/uploads\/2024\/10\/Mercedes-Aguirre-225x300.jpg\" alt=\"\" width=\"225\" height=\"300\" srcset=\"https:\/\/nidodevacas.com.ar\/wp-content\/uploads\/2024\/10\/Mercedes-Aguirre-225x300.jpg 225w, https:\/\/nidodevacas.com.ar\/wp-content\/uploads\/2024\/10\/Mercedes-Aguirre.jpg 600w\" sizes=\"auto, (max-width: 225px) 100vw, 225px\" \/><\/strong><span style=\"color: #000000;\"><strong>Mercedes Aguirre<\/strong> (Lomas de Zamora, Buenos Aires) Artista pl\u00e1stica y narradora oral. Sus actividades siempre tuvieron relaci\u00f3n con la literatura y la docencia en artes visuales. Desde 1987 ha recibido premios literarios en concursos nacionales e internacionales. Fue presidente del C\u00edrculo de Escritores de Ramallo, lugar donde reside actualmente. Entre 2015 y 2017 colabor\u00f3 con una columna sobre Literatura y Opini\u00f3n en un canal global con sede en Canarias (Espa\u00f1a). Ha publicado los libros de relatos <em>La casa diferente<\/em> (2016), <em>El malquerido<\/em> (2017) y <em>El primo<\/em> (2018).<\/span> <span style=\"color: #3366ff;\"><strong><a style=\"color: #3366ff;\" href=\"https:\/\/nidodevacas.com.ar\/2022\/03\/14\/sivela-cuadernos-de-un-pintor-mercedes-aguirre\/\">Sivela. Cuadernos de un pintor<\/a><\/strong> <\/span><span style=\"color: #000000;\">(Nido de Vacas, 2022) fue su primera novela.<\/span><\/p>\n<p><strong style=\"color: #000000; text-align: right;\">e-mail:<\/strong><span style=\"color: #000000; text-align: right;\"> cortadera@hotmail.com<\/span><\/p>\n<p>&nbsp;<\/p>\n<p>&nbsp;<\/p>\n<p>&nbsp;<\/p>\n<p><strong><img loading=\"lazy\" decoding=\"async\" data-attachment-id=\"2666\" data-permalink=\"https:\/\/nidodevacas.com.ar\/?attachment_id=2666\" data-orig-file=\"https:\/\/nidodevacas.com.ar\/wp-content\/uploads\/2024\/10\/Manuel-Arduino-Pavon.jpg\" data-orig-size=\"600,800\" data-comments-opened=\"0\" data-image-meta=\"{&quot;aperture&quot;:&quot;1.8&quot;,&quot;credit&quot;:&quot;&quot;,&quot;camera&quot;:&quot;SM-A336M&quot;,&quot;caption&quot;:&quot;&quot;,&quot;created_timestamp&quot;:&quot;1735244812&quot;,&quot;copyright&quot;:&quot;&quot;,&quot;focal_length&quot;:&quot;4.65&quot;,&quot;iso&quot;:&quot;500&quot;,&quot;shutter_speed&quot;:&quot;0.05&quot;,&quot;title&quot;:&quot;&quot;,&quot;orientation&quot;:&quot;1&quot;}\" data-image-title=\"Manuel Arduino Pav\u00f3n\" data-image-description=\"\" data-image-caption=\"\" data-large-file=\"https:\/\/nidodevacas.com.ar\/wp-content\/uploads\/2024\/10\/Manuel-Arduino-Pavon.jpg\" class=\"size-medium wp-image-2666 alignleft\" src=\"https:\/\/nidodevacas.com.ar\/wp-content\/uploads\/2024\/10\/Manuel-Arduino-Pavon-225x300.jpg\" alt=\"\" width=\"225\" height=\"300\" srcset=\"https:\/\/nidodevacas.com.ar\/wp-content\/uploads\/2024\/10\/Manuel-Arduino-Pavon-225x300.jpg 225w, https:\/\/nidodevacas.com.ar\/wp-content\/uploads\/2024\/10\/Manuel-Arduino-Pavon.jpg 600w\" sizes=\"auto, (max-width: 225px) 100vw, 225px\" \/><\/strong><span style=\"color: #000000;\"><strong>Manuel Arduino Pav\u00f3n<\/strong> (Montevideo, Uruguay, 1955) Actualmente reside en Buenos Aires. Estudi\u00f3 Literatura por su cuenta y riesgo. Desde 1979 ha publicado alrededor de doscientas treinta obras en Uruguay, Argentina, Chile, Colombia, Ecuador, Venezuela, M\u00e9xico, Costa Rica, Puerto Rico, Guatemala, Espa\u00f1a, Holanda, Canad\u00e1, Taiw\u00e1n y Estados Unidos. Incluyendo la dramaturgia, lo intenta todo: ensayos esot\u00e9ricos y de superaci\u00f3n personal, afor\u00edstica, narrativa, guiones para obras literarias ilustradas y poes\u00eda. La casi totalidad de sus obras han sido publicadas fuera de su pa\u00eds y traducidas al portugu\u00e9s, al gallego, al catal\u00e1n, al italiano, al franc\u00e9s, al alem\u00e1n y al ingl\u00e9s. Es autor de la novela<\/span> <span style=\"color: #3366ff;\"><a style=\"color: #3366ff;\" href=\"https:\/\/nidodevacas.com.ar\/?p=2662\"><strong>Diario de los \u00faltimos siete sepultureros del pueblo<\/strong><\/a><\/span><span style=\"color: #000000;\"> (Nido de Vacas, 2025)<\/span><\/p>\n<p><span style=\"color: #000000;\"><strong>e-mail:<\/strong> manuelarduinopavon@yahoo.com.ar<strong><span class=\"qu\" tabindex=\"-1\" role=\"gridcell\" translate=\"no\"><span class=\"go\"> \/ FB<\/span><\/span><\/strong><\/span><span class=\"qu\" tabindex=\"-1\" role=\"gridcell\" translate=\"no\"><span class=\"go\"><strong><span style=\"color: #000000;\">: <\/span><\/strong><span style=\"color: #3366ff;\"><a style=\"color: #3366ff;\" href=\"https:\/\/www.facebook.com\/profile.php?id=100089591190911\">@manuelarduinopavon<\/a><\/span><\/span><\/span><\/p>\n<p>&nbsp;<\/p>\n<p><span style=\"color: #000000;\"><strong><img loading=\"lazy\" decoding=\"async\" data-attachment-id=\"2750\" data-permalink=\"https:\/\/nidodevacas.com.ar\/?attachment_id=2750\" data-orig-file=\"https:\/\/nidodevacas.com.ar\/wp-content\/uploads\/2024\/10\/Diego-Aszenberg.jpg\" data-orig-size=\"600,800\" data-comments-opened=\"0\" data-image-meta=\"{&quot;aperture&quot;:&quot;0&quot;,&quot;credit&quot;:&quot;&quot;,&quot;camera&quot;:&quot;&quot;,&quot;caption&quot;:&quot;&quot;,&quot;created_timestamp&quot;:&quot;0&quot;,&quot;copyright&quot;:&quot;&quot;,&quot;focal_length&quot;:&quot;0&quot;,&quot;iso&quot;:&quot;0&quot;,&quot;shutter_speed&quot;:&quot;0&quot;,&quot;title&quot;:&quot;&quot;,&quot;orientation&quot;:&quot;1&quot;}\" data-image-title=\"Diego Aszenberg\" data-image-description=\"\" data-image-caption=\"\" data-large-file=\"https:\/\/nidodevacas.com.ar\/wp-content\/uploads\/2024\/10\/Diego-Aszenberg.jpg\" class=\"size-medium wp-image-2750 alignright\" src=\"https:\/\/nidodevacas.com.ar\/wp-content\/uploads\/2024\/10\/Diego-Aszenberg-225x300.jpg\" alt=\"\" width=\"225\" height=\"300\" srcset=\"https:\/\/nidodevacas.com.ar\/wp-content\/uploads\/2024\/10\/Diego-Aszenberg-225x300.jpg 225w, https:\/\/nidodevacas.com.ar\/wp-content\/uploads\/2024\/10\/Diego-Aszenberg.jpg 600w\" sizes=\"auto, (max-width: 225px) 100vw, 225px\" \/>Diego Aszenberg<\/strong> (Buenos Aires, 1992) Licenciado y Profesor en Letras (UBA). Se desempe\u00f1a como docente en el nivel secundario y tallerista de escritura (@literatura_por_los_aires). Fue reconocido por el Centro Ana Frank Argentina en el concurso literario y de proyectos educativos, publicado por EUDEBA. Particip\u00f3 en la \u201cIlustranimada\u201d (c\u00e1tedra de Lenguaje Visual 3, UNLP) con el cuento \u201cViaje sobre l\u00edneas\u201d. Contin\u00faa su nutrici\u00f3n literaria en talleres de narrativa y poes\u00eda.<\/span> <strong><span style=\"color: #3366ff;\"><a style=\"color: #3366ff;\" href=\"https:\/\/nidodevacas.com.ar\/?p=2686\">\u00c1lbum de crecimiento<\/a> <\/span><\/strong><span style=\"color: #000000;\">(Nido de Vacas, 2025) es su primer libro.<\/span><\/p>\n<p><span style=\"color: #000000;\"><strong>e-mail:<\/strong> diego_asz@live.com.ar<strong><span class=\"qu\" tabindex=\"-1\" role=\"gridcell\" translate=\"no\"><span class=\"go\"> \/ IG<\/span><\/span><\/strong><\/span><span class=\"qu\" tabindex=\"-1\" role=\"gridcell\" translate=\"no\"><span class=\"go\"><strong><span style=\"color: #000000;\">:\u00a0<\/span><\/strong> <span style=\"color: #3366ff;\"><a style=\"color: #3366ff;\" href=\"https:\/\/www.instagram.com\/diego.asz\/\">@diego.asz <\/a><\/span><strong><span style=\"color: #000000;\">\/ <\/span><\/strong><span style=\"color: #3366ff;\"><a style=\"color: #3366ff;\" href=\"https:\/\/www.instagram.com\/album_de_crecimiento\/\">@album_de_crecimiento<\/a><\/span><\/span><\/span><\/p>\n<p>&nbsp;<\/p>\n<p>&nbsp;<\/p>\n<p>&nbsp;<\/p>\n<p><strong><img loading=\"lazy\" decoding=\"async\" data-attachment-id=\"1720\" data-permalink=\"https:\/\/nidodevacas.com.ar\/?attachment_id=1720\" data-orig-file=\"https:\/\/nidodevacas.com.ar\/wp-content\/uploads\/2024\/10\/Marcelo-Baleriani-scaled-e1730126097605.jpg\" data-orig-size=\"599,732\" data-comments-opened=\"0\" data-image-meta=\"{&quot;aperture&quot;:&quot;2&quot;,&quot;credit&quot;:&quot;&quot;,&quot;camera&quot;:&quot;SM-A315G&quot;,&quot;caption&quot;:&quot;&quot;,&quot;created_timestamp&quot;:&quot;1622381910&quot;,&quot;copyright&quot;:&quot;&quot;,&quot;focal_length&quot;:&quot;4.6&quot;,&quot;iso&quot;:&quot;40&quot;,&quot;shutter_speed&quot;:&quot;0.01&quot;,&quot;title&quot;:&quot;&quot;,&quot;orientation&quot;:&quot;1&quot;}\" data-image-title=\"Marcelo Baleriani\" data-image-description=\"\" data-image-caption=\"\" data-large-file=\"https:\/\/nidodevacas.com.ar\/wp-content\/uploads\/2024\/10\/Marcelo-Baleriani-576x1024.jpg\" class=\"wp-image-1720 alignleft\" src=\"https:\/\/nidodevacas.com.ar\/wp-content\/uploads\/2024\/10\/Marcelo-Baleriani-scaled-e1730126097605-245x300.jpg\" alt=\"\" width=\"225\" height=\"276\" srcset=\"https:\/\/nidodevacas.com.ar\/wp-content\/uploads\/2024\/10\/Marcelo-Baleriani-scaled-e1730126097605-245x300.jpg 245w, https:\/\/nidodevacas.com.ar\/wp-content\/uploads\/2024\/10\/Marcelo-Baleriani-scaled-e1730126097605.jpg 599w\" sizes=\"auto, (max-width: 225px) 100vw, 225px\" \/><\/strong><\/p>\n<p><strong><span style=\"color: #000000;\">Marcelo Baleriani\u00a0<\/span><\/strong><span style=\"color: #000000;\">naci\u00f3 en Rojas, y luego de trece a\u00f1os de residir en Rosario volvi\u00f3\u00a0a su ciudad natal, donde vive actualmente.\u00a0Es cocinero de profesi\u00f3n y amante de viajar en moto. En la adolescencia comenz\u00f3 a incursionar en la narrativa y desde esos a\u00f1os conserva sus primeros cuentos, a\u00fan in\u00e9ditos.\u00a0Durante el per\u00edodo como estudiante universitario se reafirm\u00f3 el inter\u00e9s por la literatura y la escritura. Particip\u00f3 de festivales de poes\u00eda y bienales de arte joven.\u00a0De su paso por la facultad de Psicolog\u00eda y de la influencia de la filosof\u00eda se moldearon las sensaciones y las reflexiones que emanan de un yo l\u00edrico perspicaz y dial\u00e9ctico, que le dieron forma a las letras de su primer libro:<\/span> <span style=\"color: #3366ff;\"><strong><a style=\"color: #3366ff;\" href=\"https:\/\/nidodevacas.com.ar\/2021\/08\/13\/razon-maldita-marcelo-baleriani\/\">Raz\u00f3n maldita<\/a><\/strong><\/span> <span style=\"color: #000000;\">(Nido de Vacas, 2021)<\/span><\/p>\n<p><span style=\"color: #000000;\"><strong>e-mail: <\/strong>baleriani@hotmail.com<span class=\"qu\" tabindex=\"-1\" role=\"gridcell\" translate=\"no\"><span class=\"go\">\u00a0\/\u00a0<\/span><\/span><\/span><span class=\"qu\" tabindex=\"-1\" role=\"gridcell\" translate=\"no\"><span class=\"go\"><strong><span style=\"color: #000000;\">IG: <\/span><\/strong><span style=\"color: #3366ff;\"><a style=\"color: #3366ff;\" href=\"https:\/\/www.instagram.com\/marcelobaleriani\/\">@marcelobaleriani<\/a><\/span><\/span><\/span><\/p>\n<p>&nbsp;<\/p>\n<p>&nbsp;<\/p>\n<p><strong><img loading=\"lazy\" decoding=\"async\" data-attachment-id=\"1715\" data-permalink=\"https:\/\/nidodevacas.com.ar\/?attachment_id=1715\" data-orig-file=\"https:\/\/nidodevacas.com.ar\/wp-content\/uploads\/2024\/10\/Juan-Jorge-Barbero-scaled-e1730126901364.jpg\" data-orig-size=\"599,799\" data-comments-opened=\"0\" data-image-meta=\"{&quot;aperture&quot;:&quot;5.6&quot;,&quot;credit&quot;:&quot;&quot;,&quot;camera&quot;:&quot;NIKON D3200&quot;,&quot;caption&quot;:&quot;&quot;,&quot;created_timestamp&quot;:&quot;1599613801&quot;,&quot;copyright&quot;:&quot;&quot;,&quot;focal_length&quot;:&quot;30&quot;,&quot;iso&quot;:&quot;1600&quot;,&quot;shutter_speed&quot;:&quot;0.025&quot;,&quot;title&quot;:&quot;&quot;,&quot;orientation&quot;:&quot;0&quot;}\" data-image-title=\"Juan Jorge Barbero\" data-image-description=\"\" data-image-caption=\"\" data-large-file=\"https:\/\/nidodevacas.com.ar\/wp-content\/uploads\/2024\/10\/Juan-Jorge-Barbero-681x1024.jpg\" class=\"wp-image-1715 alignright\" src=\"https:\/\/nidodevacas.com.ar\/wp-content\/uploads\/2024\/10\/Juan-Jorge-Barbero-scaled-e1730126901364-225x300.jpg\" alt=\"\" width=\"229\" height=\"305\" srcset=\"https:\/\/nidodevacas.com.ar\/wp-content\/uploads\/2024\/10\/Juan-Jorge-Barbero-scaled-e1730126901364-225x300.jpg 225w, https:\/\/nidodevacas.com.ar\/wp-content\/uploads\/2024\/10\/Juan-Jorge-Barbero-scaled-e1730126901364.jpg 599w\" sizes=\"auto, (max-width: 229px) 100vw, 229px\" \/><span style=\"color: #000000;\">Juan Jorge Barbero Mendoza<\/span><\/strong><span style=\"color: #000000;\"> (Salto, Buenos Aires, 1970). Es Licenciado en Sociolog\u00eda egresado de la FaHCE de la Universidad Nacional de La Plata. Realiz\u00f3 la selecci\u00f3n de textos y el estudio introductorio del libro <em>Silvio Frondizi. La integraci\u00f3n mundial, \u00faltima etapa del capitalismo (y otros escritos)<\/em> (Continente, 2014). Durante sus estad\u00edas de estudio en Italia, la Fondazione Gramsci puso en sus manos la traducci\u00f3n de las obras de los m\u00e1s importantes investigadores italianos del legado de Antonio Gramsci. As\u00ed, tradujo y prolog\u00f3 los libros <em>El ritmo del pensamiento de Gramsci. Una lectura diacr\u00f3nica de los \u2018Cuadernos de la c\u00e1rcel\u2019<\/em>, de Giuseppe Cospito (Continente, 2016); <em>El joven Gramsci. Cinco a\u00f1os que parecen siglos, 1914-1919<\/em>, de Leonardo Rapone (Prohistoria, 2019) <em>y Modernidades alternativas. El siglo XX de Antonio Gramsci<\/em>, de Giuseppe Vacca (M\u00e9xico, Fondo de Cultura Econ\u00f3mica, 2022). Public\u00f3 el libro<\/span> <span style=\"color: #3366ff;\"><strong><a style=\"color: #3366ff;\" href=\"https:\/\/nidodevacas.com.ar\/2022\/11\/24\/de-los-municipios-a-la-unidad-latinoamericana-juan-jorge-barbero\/\">De los municipios a la unidad latinoamericana. Apuntes sobre Silvio Frondizi y Jos\u00e9 Aric\u00f3<\/a><\/strong> <\/span>(<span style=\"color: #000000;\">Nido de Vacas, 2022)<\/span><\/p>\n<p><span style=\"color: #000000;\"><strong>e-mail:<\/strong> juanjorgebarbero@hotmail.com \/ <\/span><strong style=\"text-align: right;\"><span style=\"color: #000000;\">FB: <\/span><\/strong><span style=\"color: #3366ff;\"><a style=\"color: #3366ff;\" href=\"https:\/\/www.facebook.com\/juanjorge.barbero\">@juanjorge.barbero<\/a><\/span><\/p>\n<p>&nbsp;<\/p>\n<p>&nbsp;<\/p>\n<p><strong><img loading=\"lazy\" decoding=\"async\" data-attachment-id=\"1718\" data-permalink=\"https:\/\/nidodevacas.com.ar\/?attachment_id=1718\" data-orig-file=\"https:\/\/nidodevacas.com.ar\/wp-content\/uploads\/2024\/10\/Liliana-Barzaghi.jpg\" data-orig-size=\"600,800\" data-comments-opened=\"0\" data-image-meta=\"{&quot;aperture&quot;:&quot;0&quot;,&quot;credit&quot;:&quot;&quot;,&quot;camera&quot;:&quot;&quot;,&quot;caption&quot;:&quot;&quot;,&quot;created_timestamp&quot;:&quot;0&quot;,&quot;copyright&quot;:&quot;&quot;,&quot;focal_length&quot;:&quot;0&quot;,&quot;iso&quot;:&quot;0&quot;,&quot;shutter_speed&quot;:&quot;0&quot;,&quot;title&quot;:&quot;&quot;,&quot;orientation&quot;:&quot;1&quot;}\" data-image-title=\"Liliana Barzaghi\" data-image-description=\"\" data-image-caption=\"\" data-large-file=\"https:\/\/nidodevacas.com.ar\/wp-content\/uploads\/2024\/10\/Liliana-Barzaghi.jpg\" class=\"size-medium wp-image-1718 alignleft\" src=\"https:\/\/nidodevacas.com.ar\/wp-content\/uploads\/2024\/10\/Liliana-Barzaghi-225x300.jpg\" alt=\"\" width=\"225\" height=\"300\" srcset=\"https:\/\/nidodevacas.com.ar\/wp-content\/uploads\/2024\/10\/Liliana-Barzaghi-225x300.jpg 225w, https:\/\/nidodevacas.com.ar\/wp-content\/uploads\/2024\/10\/Liliana-Barzaghi.jpg 600w\" sizes=\"auto, (max-width: 225px) 100vw, 225px\" \/><span style=\"color: #000000;\">Liliana Barzaghi<\/span><\/strong><span style=\"color: #000000;\"> (Buenos Aires, 1955) Es profesora de Lengua y Literatura. Trabaj\u00f3 en escuelas secundarias y terciarias, llevando a cabo proyectos pedag\u00f3gicos destacados por la DGCyE.\u00a0 Coordin\u00f3 talleres literarios para ni\u00f1os y adultos. Fund\u00f3 y codirigi\u00f3 el semanario <em>Tiempo Perdido<\/em>. Public\u00f3 en medios locales, nacionales e internacionales. Tiene obras in\u00e9ditas en novela, cuento y poes\u00eda. Obtuvo premios y reconocimientos literarios. Public\u00f3 junto a Alejandro Elcoro el libro<\/span> <span style=\"color: #3366ff;\"><strong><a style=\"color: #3366ff;\" href=\"https:\/\/nidodevacas.com.ar\/2023\/11\/25\/memorias-de-alberto-perassolo-alejandro-elcoro-y-liliana-barzaghi\/\">Memorias de Alberto Perassolo<\/a><\/strong><\/span><span style=\"color: #000000;\"> (Nido de Vacas, 2023).<\/span><\/p>\n<p><strong>IG: <\/strong><span style=\"color: #3366ff;\"><a style=\"color: #3366ff;\" href=\"https:\/\/www.instagram.com\/lilianabarzaghi\/\">@lilianabarzaghi <\/a><\/span><strong>\/ FB: <\/strong><span style=\"color: #3366ff;\"><a style=\"color: #3366ff;\" href=\"https:\/\/www.facebook.com\/liliana.barzaghi\">@liliana.barzaghi<\/a><\/span><\/p>\n<p>&nbsp;<\/p>\n<p>&nbsp;<\/p>\n<p>&nbsp;<\/p>\n<p>&nbsp;<\/p>\n<p><img loading=\"lazy\" decoding=\"async\" data-attachment-id=\"3046\" data-permalink=\"https:\/\/nidodevacas.com.ar\/?attachment_id=3046\" data-orig-file=\"https:\/\/nidodevacas.com.ar\/wp-content\/uploads\/2024\/10\/Magdalena-Biota.jpg\" data-orig-size=\"600,800\" data-comments-opened=\"0\" data-image-meta=\"{&quot;aperture&quot;:&quot;0&quot;,&quot;credit&quot;:&quot;&quot;,&quot;camera&quot;:&quot;&quot;,&quot;caption&quot;:&quot;&quot;,&quot;created_timestamp&quot;:&quot;0&quot;,&quot;copyright&quot;:&quot;&quot;,&quot;focal_length&quot;:&quot;0&quot;,&quot;iso&quot;:&quot;0&quot;,&quot;shutter_speed&quot;:&quot;0&quot;,&quot;title&quot;:&quot;&quot;,&quot;orientation&quot;:&quot;1&quot;}\" data-image-title=\"Magdalena Biota\" data-image-description=\"\" data-image-caption=\"\" data-large-file=\"https:\/\/nidodevacas.com.ar\/wp-content\/uploads\/2024\/10\/Magdalena-Biota.jpg\" class=\"wp-image-3046 alignright\" src=\"https:\/\/nidodevacas.com.ar\/wp-content\/uploads\/2024\/10\/Magdalena-Biota-225x300.jpg\" alt=\"\" width=\"224\" height=\"299\" srcset=\"https:\/\/nidodevacas.com.ar\/wp-content\/uploads\/2024\/10\/Magdalena-Biota-225x300.jpg 225w, https:\/\/nidodevacas.com.ar\/wp-content\/uploads\/2024\/10\/Magdalena-Biota.jpg 600w\" sizes=\"auto, (max-width: 224px) 100vw, 224px\" \/><\/p>\n<p><span style=\"color: #000000;\"><strong>Magdalena Biota.<\/strong> Escritora, traductora y poeta. <\/span><span style=\"color: #000000;\">Se doctor\u00f3 en Ciencias Sociales <\/span><span style=\"color: #000000;\">y Humanas por la Universidad <\/span><span style=\"color: #000000;\">Nacional de Quilmes (UNQ). <\/span><span style=\"color: #000000;\">Dicta cursos de traducci\u00f3n y <\/span><span style=\"color: #000000;\">escritura acad\u00e9mica. <\/span><span style=\"color: #000000;\">Ha publicado textos period\u00eds<\/span><span style=\"color: #000000;\">ticos, literarios y ensay\u00edsticos, y <\/span><span style=\"color: #000000;\">varias traducciones. Su cuento <\/span><span style=\"color: #000000;\">\u00abGaudeamus\u00bb integra la antolog\u00eda <\/span><span style=\"color: #000000;\">biling\u00fce <em>Cross a la mandible\/<\/em><\/span><span style=\"color: #000000;\"><em>Direct dans la m\u00e2choire<\/em>, editada <\/span><span style=\"color: #000000;\">por Belles Latinas en Francia en <\/span><span style=\"color: #000000;\">noviembre de 2011. <\/span><span style=\"color: #000000;\">Public\u00f3 los libros <em>Ciudad de una <\/em><\/span><span style=\"color: #000000;\"><em>lengua<\/em> (Ediciones en Danza, <\/span><span style=\"color: #000000;\">2019) y <em>Personas<\/em> (Croupier, 2015). <\/span><span style=\"color: #000000;\">Su \u00faltimo libro, <em>Po\u00e9tica\/Poetics<\/em>, <\/span><span style=\"color: #000000;\">que tradujo al ingl\u00e9s, fue coe<\/span><span style=\"color: #000000;\">ditado por NoteBook Poiesis y <\/span><span style=\"color: #000000;\">Cross-Cultural Communications <\/span><span style=\"color: #000000;\">(Santiago de Chile\u2013Nueva York) <\/span><span style=\"color: #000000;\">en julio de 2024. Es autora del libro <a href=\"https:\/\/nidodevacas.com.ar\/?p=2959\"><span style=\"color: #3366ff;\"><strong>Debate p\u00fablico de Argentina. La experiencia de Carta Abierta (2008-2019)<\/strong><\/span><\/a> (Nido de Vacas, 2026)<\/span><\/p>\n<p>&nbsp;<\/p>\n<p>&nbsp;<\/p>\n<p><strong><img loading=\"lazy\" decoding=\"async\" data-attachment-id=\"1724\" data-permalink=\"https:\/\/nidodevacas.com.ar\/?attachment_id=1724\" data-orig-file=\"https:\/\/nidodevacas.com.ar\/wp-content\/uploads\/2024\/10\/Paul-Bravo.jpg\" data-orig-size=\"600,800\" data-comments-opened=\"0\" data-image-meta=\"{&quot;aperture&quot;:&quot;0&quot;,&quot;credit&quot;:&quot;&quot;,&quot;camera&quot;:&quot;&quot;,&quot;caption&quot;:&quot;&quot;,&quot;created_timestamp&quot;:&quot;0&quot;,&quot;copyright&quot;:&quot;&quot;,&quot;focal_length&quot;:&quot;0&quot;,&quot;iso&quot;:&quot;0&quot;,&quot;shutter_speed&quot;:&quot;0&quot;,&quot;title&quot;:&quot;&quot;,&quot;orientation&quot;:&quot;1&quot;}\" data-image-title=\"Paul Bravo\" data-image-description=\"\" data-image-caption=\"\" data-large-file=\"https:\/\/nidodevacas.com.ar\/wp-content\/uploads\/2024\/10\/Paul-Bravo.jpg\" class=\"size-medium wp-image-1724 alignleft\" src=\"https:\/\/nidodevacas.com.ar\/wp-content\/uploads\/2024\/10\/Paul-Bravo-225x300.jpg\" alt=\"\" width=\"225\" height=\"300\" srcset=\"https:\/\/nidodevacas.com.ar\/wp-content\/uploads\/2024\/10\/Paul-Bravo-225x300.jpg 225w, https:\/\/nidodevacas.com.ar\/wp-content\/uploads\/2024\/10\/Paul-Bravo.jpg 600w\" sizes=\"auto, (max-width: 225px) 100vw, 225px\" \/><span style=\"color: #000000;\">Paul Bravo<\/span><\/strong><span style=\"color: #000000;\"> (Buenos Aires, 1975) Es el seud\u00f3nimo de Adri\u00e1n Pietryszyn. Impulsado por la b\u00fasqueda de conocimiento, recorri\u00f3 diferentes escuelas esot\u00e9ricas y tradiciones cham\u00e1nicas. Siempre acompa\u00f1\u00f3 su espiritualidad con una particular visi\u00f3n literaria. Ha publicado los poemarios<\/span> <span style=\"color: #3366ff;\"><strong><a style=\"color: #3366ff;\" href=\"https:\/\/nidodevacas.com.ar\/2018\/12\/01\/donde-el-sol-confluye-con-la-mierda-paul-bravo\/\">Donde el sol confluye con la mierda<\/a><\/strong> <\/span><span style=\"color: #000000;\">(Nido de Vacas, 2018)<\/span>, <span style=\"color: #3366ff;\"><strong><a style=\"color: #3366ff;\" href=\"https:\/\/nidodevacas.com.ar\/2021\/12\/18\/un-ano-encerrado-paul-bravo\/\">Un a\u00f1o encerrado<\/a><\/strong> <\/span><span style=\"color: #000000;\">(Nido de Vacas, 2021) y<\/span><span style=\"color: #3366ff;\"><strong><a style=\"color: #3366ff;\" href=\"https:\/\/nidodevacas.com.ar\/2024\/11\/01\/poetica-de-un-hombre-consentido-paul-bravo\/\"> Po\u00e9tica de un hombre consentido<\/a><\/strong><\/span><span style=\"color: #000000;\"> (Nido de Vacas, 2024), y la novela <em>El rugido del le\u00f3n<\/em> (Barenhaus, 2020). Es maestro de meditaci\u00f3n y Tarot de Marsella. Estudia Chikung. En 2020 cre\u00f3 la \u201cEscuela de expansi\u00f3n espiritual Rayo Blanco\u201d, donde brinda mentor\u00edas, cursos y sesiones terap\u00e9uticas.<\/span><\/p>\n<p><span style=\"color: #000000;\"><strong>e-mail:<\/strong> masconocidocomoelpolaco@gmail.com \/ <\/span><strong><span style=\"color: #000000;\">IG: <\/span><\/strong><span style=\"color: #3366ff;\"><a style=\"color: #3366ff;\" href=\"https:\/\/www.instagram.com\/paul.rayoblanco\/\">@paul.tayobanco<\/a><\/span><\/p>\n<p>&nbsp;<\/p>\n<p>&nbsp;<\/p>\n<p><strong><img loading=\"lazy\" decoding=\"async\" data-attachment-id=\"1712\" data-permalink=\"https:\/\/nidodevacas.com.ar\/?attachment_id=1712\" data-orig-file=\"https:\/\/nidodevacas.com.ar\/wp-content\/uploads\/2024\/10\/Hernan-Carbonel-rotated-e1730127021530.jpg\" data-orig-size=\"600,800\" data-comments-opened=\"0\" data-image-meta=\"{&quot;aperture&quot;:&quot;3.1&quot;,&quot;credit&quot;:&quot;&quot;,&quot;camera&quot;:&quot;COOLPIX L320&quot;,&quot;caption&quot;:&quot;&quot;,&quot;created_timestamp&quot;:&quot;-62169984000&quot;,&quot;copyright&quot;:&quot;&quot;,&quot;focal_length&quot;:&quot;4&quot;,&quot;iso&quot;:&quot;80&quot;,&quot;shutter_speed&quot;:&quot;0.00125&quot;,&quot;title&quot;:&quot;&quot;,&quot;orientation&quot;:&quot;1&quot;}\" data-image-title=\"Hernan Carbonel\" data-image-description=\"\" data-image-caption=\"\" data-large-file=\"https:\/\/nidodevacas.com.ar\/wp-content\/uploads\/2024\/10\/Hernan-Carbonel-768x1024.jpg\" class=\"size-medium wp-image-1712 alignright\" src=\"https:\/\/nidodevacas.com.ar\/wp-content\/uploads\/2024\/10\/Hernan-Carbonel-225x300.jpg\" alt=\"\" width=\"225\" height=\"300\" \/><span style=\"color: #000000;\">Hern\u00e1n Carbonel\u00a0<\/span><\/strong><span style=\"color: #000000;\">es periodista y vive en Salto, Buenos Aires. escribe para<em>\u00a0La Gaceta Literaria<\/em>\u00a0y la revista\u00a0<em>Acci\u00f3n<\/em>, es responsable de contenidos en\u00a0Fundaci\u00f3n La Balandra\u00a0y da talleres de lectura. Public\u00f3\u00a0<em>Antiguos due\u00f1os de la tierra<\/em>\u00a0(Amauta, 2013),\u00a0<em>El chico que no crec\u00eda y otros cuentos<\/em>\u00a0(Galerna Infantil, 2014),\u00a0<em>El caso Arroyo Dulce<\/em>\u00a0(2010), <em>Sedimentos<\/em>\u00a0(La Papa, Tucum\u00e1n, 2022) y<\/span> <span style=\"color: #3366ff;\"><strong><a style=\"color: #3366ff;\" href=\"https:\/\/nidodevacas.com.ar\/2023\/04\/18\/casos-abiertos-de-hernan-carbonel\/\">Casos abiertos. Cr\u00f3nicas rurales<\/a> <\/strong><\/span><span style=\"color: #000000;\">(Nido de Vacas, 2023). Ha colaborado en varios medios gr\u00e1ficos y digitales de turismo, literatura e inter\u00e9s general, y cuentos suyos han sido publicados en diarios, revistas y diversas antolog\u00edas.<\/span><\/p>\n<p><span style=\"color: #000000;\"><strong>e-mail:<\/strong> hcarbonel@gmail.com \/ <\/span><strong style=\"text-align: right;\"><span style=\"color: #000000;\">IG: <\/span><\/strong><span style=\"color: #3366ff;\"><a style=\"color: #3366ff;\" href=\"https:\/\/www.instagram.com\/hernan.carbonel\/\">@hernan.carbonel <\/a><\/span><strong style=\"text-align: right;\"><span style=\"color: #000000;\">\/ FB: <\/span><\/strong><span style=\"color: #3366ff;\"><a style=\"color: #3366ff;\" href=\"https:\/\/www.facebook.com\/hernan.carbonel.1\">@hernan.carbonel<\/a><\/span><\/p>\n<p>&nbsp;<\/p>\n<p>&nbsp;<\/p>\n<p>&nbsp;<\/p>\n<p><strong><img loading=\"lazy\" decoding=\"async\" data-attachment-id=\"1727\" data-permalink=\"https:\/\/nidodevacas.com.ar\/?attachment_id=1727\" data-orig-file=\"https:\/\/nidodevacas.com.ar\/wp-content\/uploads\/2024\/10\/Alejandro-Elcoro.jpg\" data-orig-size=\"600,800\" data-comments-opened=\"0\" data-image-meta=\"{&quot;aperture&quot;:&quot;0&quot;,&quot;credit&quot;:&quot;&quot;,&quot;camera&quot;:&quot;&quot;,&quot;caption&quot;:&quot;&quot;,&quot;created_timestamp&quot;:&quot;0&quot;,&quot;copyright&quot;:&quot;&quot;,&quot;focal_length&quot;:&quot;0&quot;,&quot;iso&quot;:&quot;0&quot;,&quot;shutter_speed&quot;:&quot;0&quot;,&quot;title&quot;:&quot;&quot;,&quot;orientation&quot;:&quot;1&quot;}\" data-image-title=\"Alejandro Elcoro\" data-image-description=\"\" data-image-caption=\"\" data-large-file=\"https:\/\/nidodevacas.com.ar\/wp-content\/uploads\/2024\/10\/Alejandro-Elcoro.jpg\" class=\"size-medium wp-image-1727 alignleft\" src=\"https:\/\/nidodevacas.com.ar\/wp-content\/uploads\/2024\/10\/Alejandro-Elcoro-225x300.jpg\" alt=\"\" width=\"225\" height=\"300\" srcset=\"https:\/\/nidodevacas.com.ar\/wp-content\/uploads\/2024\/10\/Alejandro-Elcoro-225x300.jpg 225w, https:\/\/nidodevacas.com.ar\/wp-content\/uploads\/2024\/10\/Alejandro-Elcoro.jpg 600w\" sizes=\"auto, (max-width: 225px) 100vw, 225px\" \/><span style=\"color: #000000;\">Alejandro Elcoro<\/span><\/strong><span style=\"color: #000000;\"> (San Pedro, Buenos Aires, 1954) es escritor y traductor. Obtuvo distinciones por su labor literaria y de promoci\u00f3n cultural. Colabor\u00f3 en distintos medios de comunicaci\u00f3n, antolog\u00edas y revistas literarias. Fue director de Cultura de la municipalidad de Rojas y director de la Biblioteca Municipal. Entre sus obras publicadas se destacan la novela <em>Las\u00a0reglas del juego<\/em>\u00a0(premio Editorial Atl\u00e1ntida, 1982), los libros de cuentos\u00a0<em>El \u00fanico amor posible\u00a0<\/em>(1988) y\u00a0<em>El edificio de las Palabras\u00a0<\/em>(Corregidor, 1992) y las traducciones de\u00a0<em>Los cantares de Ossi\u00e1n<\/em>, de James Macpherson (Ayesha, 2010) y<\/span> <span style=\"color: #3366ff;\"><strong><a style=\"color: #3366ff;\" href=\"https:\/\/nidodevacas.com.ar\/2021\/06\/11\/sakuntala-o-el-anillo-del-destino-kalidasa\/\">Sakuntala o El anillo del destino<\/a><\/strong><\/span>, <span style=\"color: #000000;\">de Kalidasa (Nido de Vacas, 2021). Junto a Liliana Barzaghi escribi\u00f3 el libro<\/span><span style=\"color: #3366ff;\"><strong> <a style=\"color: #3366ff;\" href=\"https:\/\/nidodevacas.com.ar\/2023\/11\/25\/memorias-de-alberto-perassolo-alejandro-elcoro-y-liliana-barzaghi\/\">Memorias de Alberto Perassolo<\/a><\/strong><\/span><span style=\"color: #000000;\"> (Nido de Vacas, 2023).<\/span><\/p>\n<p><span style=\"color: #000000;\"><strong>e-mail:<\/strong> aelcoro@hotmail.com \/ <\/span><strong><span style=\"color: #000000;\">IG: <\/span><\/strong><span style=\"color: #3366ff;\"><a style=\"color: #3366ff;\" href=\"https:\/\/www.instagram.com\/elcoroalejandro\/\">@elcoroalejandro <\/a><\/span><strong><span style=\"color: #000000;\">\/ FB: <\/span><\/strong><span style=\"color: #3366ff;\"><a style=\"color: #3366ff;\" href=\"https:\/\/www.facebook.com\/alejandro.elcoro\">@alejandro.elcoro<\/a><\/span><\/p>\n<p>&nbsp;<\/p>\n<p><strong><img loading=\"lazy\" decoding=\"async\" data-attachment-id=\"1709\" data-permalink=\"https:\/\/nidodevacas.com.ar\/?attachment_id=1709\" data-orig-file=\"https:\/\/nidodevacas.com.ar\/wp-content\/uploads\/2024\/10\/Emiliano-Exposto.jpg\" data-orig-size=\"600,800\" data-comments-opened=\"0\" data-image-meta=\"{&quot;aperture&quot;:&quot;0&quot;,&quot;credit&quot;:&quot;&quot;,&quot;camera&quot;:&quot;&quot;,&quot;caption&quot;:&quot;&quot;,&quot;created_timestamp&quot;:&quot;0&quot;,&quot;copyright&quot;:&quot;&quot;,&quot;focal_length&quot;:&quot;0&quot;,&quot;iso&quot;:&quot;0&quot;,&quot;shutter_speed&quot;:&quot;0&quot;,&quot;title&quot;:&quot;&quot;,&quot;orientation&quot;:&quot;1&quot;}\" data-image-title=\"Emiliano Exposto\" data-image-description=\"\" data-image-caption=\"\" data-large-file=\"https:\/\/nidodevacas.com.ar\/wp-content\/uploads\/2024\/10\/Emiliano-Exposto.jpg\" class=\"size-medium wp-image-1709 alignright\" src=\"https:\/\/nidodevacas.com.ar\/wp-content\/uploads\/2024\/10\/Emiliano-Exposto-225x300.jpg\" alt=\"\" width=\"225\" height=\"300\" srcset=\"https:\/\/nidodevacas.com.ar\/wp-content\/uploads\/2024\/10\/Emiliano-Exposto-225x300.jpg 225w, https:\/\/nidodevacas.com.ar\/wp-content\/uploads\/2024\/10\/Emiliano-Exposto.jpg 600w\" sizes=\"auto, (max-width: 225px) 100vw, 225px\" \/><span style=\"color: #000000;\">Emiliano Exposto<\/span><\/strong><span style=\"color: #000000;\"> (Claypole, Buenos Aires, 1988) Investigador y activista. Doctor en Filosof\u00eda por la Universidad de Buenos Aires y becario del Conicet. Docente en la c\u00e1tedra \u201cConstrucci\u00f3n hist\u00f3rica de la subjetividad moderna\u201d, fundada por Le\u00f3n Rozitchner, en la Facultad de Ciencias Sociales de la UBA. Integra la editorial Coloquio de Perros, coordina grupos de estudios y colabora con colectivos, instituciones y movimientos. Escribe en Tierra Roja, La Tinta y Lobo Suelto, entre otros medios. Con la C\u00e1tedra Abierta \u201cF\u00e9lix Guattari\u201d, compil\u00f3 el libro <em>Guattari: revoluci\u00f3n molecular y lucha de clases<\/em> (Red Editorial, 2021). Junto a Gabriel Rodr\u00edguez Varela es coautor de los libros <em>El goce del capital. Cr\u00edtica del valor y psicoan\u00e1lisis<\/em> (Marat, 2020) y <em>Manifiestos para un an\u00e1lisis militante del inconsciente<\/em> (Red Editorial, 2020). En 2023 public\u00f3 en Nido de Vacas el libro<\/span><span style=\"color: #3366ff;\"> <strong><a style=\"color: #3366ff;\" href=\"https:\/\/nidodevacas.com.ar\/2023\/08\/15\/las-maquinas-psiquicas-emiliano-exposto\/\">Las m\u00e1quinas ps\u00edquicas. \u00bfQu\u00e9 hacer con la crisis de la salud mental?<\/a><\/strong><\/span><\/p>\n<p><span class=\"qu\" style=\"color: #000000;\" tabindex=\"-1\" role=\"gridcell\" translate=\"no\"><span class=\"go\">\u00a0<\/span><\/span><span class=\"qu\" style=\"text-align: right;\" tabindex=\"-1\" role=\"gridcell\" translate=\"no\"><span class=\"go\"><strong><span style=\"color: #000000;\">IG: <\/span><\/strong><span style=\"color: #3366ff;\"><a style=\"color: #3366ff;\" href=\"https:\/\/www.instagram.com\/emiexposto\/\">@emiexposto <\/a><\/span><strong><span style=\"color: #000000;\">\/ FB:<\/span><\/strong><span style=\"color: #3366ff;\"><a style=\"color: #3366ff;\" href=\"https:\/\/www.facebook.com\/profile.php?id=672499658\">@emilianoexposto<\/a><\/span><\/span><\/span><\/p>\n<p>&nbsp;<\/p>\n<p>&nbsp;<\/p>\n<p><span style=\"color: #000000;\"><strong><img loading=\"lazy\" decoding=\"async\" data-attachment-id=\"2783\" data-permalink=\"https:\/\/nidodevacas.com.ar\/?attachment_id=2783\" data-orig-file=\"https:\/\/nidodevacas.com.ar\/wp-content\/uploads\/2024\/10\/Tomas-Fernandez-scaled-e1758657287832.jpg\" data-orig-size=\"800,1067\" data-comments-opened=\"0\" data-image-meta=\"{&quot;aperture&quot;:&quot;0&quot;,&quot;credit&quot;:&quot;&quot;,&quot;camera&quot;:&quot;&quot;,&quot;caption&quot;:&quot;&quot;,&quot;created_timestamp&quot;:&quot;0&quot;,&quot;copyright&quot;:&quot;&quot;,&quot;focal_length&quot;:&quot;0&quot;,&quot;iso&quot;:&quot;0&quot;,&quot;shutter_speed&quot;:&quot;0&quot;,&quot;title&quot;:&quot;&quot;,&quot;orientation&quot;:&quot;0&quot;}\" data-image-title=\"Tomas Fern\u00e1ndez\" data-image-description=\"\" data-image-caption=\"\" data-large-file=\"https:\/\/nidodevacas.com.ar\/wp-content\/uploads\/2024\/10\/Tomas-Fernandez-768x1024.jpg\" class=\"size-medium wp-image-2783 alignleft\" src=\"https:\/\/nidodevacas.com.ar\/wp-content\/uploads\/2024\/10\/Tomas-Fernandez-225x300.jpg\" alt=\"\" width=\"225\" height=\"300\" \/>Tom\u00e1s Fern\u00e1ndez<\/strong> se doctor\u00f3 en B\u00e9lgica en 2010 y al volver a Argentina, en principio para una estad\u00eda breve, not\u00f3 que ya no quer\u00eda irse, salvo para estadas de pocos meses como investigador visitante en las universidades de Cincinnati, M\u00fanich y Hamburgo. Se estableci\u00f3 primero en San Telmo y luego en un simp\u00e1tico pueblo de la Pampa H\u00fameda. Actualmente es profesor de la Facultad de Filosof\u00eda y Letras de la UBA e investigador de Conicet. Public\u00f3 medio centenar de art\u00edculos en revistas y varios libros sobre su especialidad, as\u00ed como tres novelas y Ultramundana, uno de los poemarios ganadores del Concurso de Poes\u00eda N\u00e9stor Perlongher. Tres de sus obras de teatro est\u00e1n en prensa. Es autor de <strong><a href=\"https:\/\/nidodevacas.com.ar\/?p=2785\"><span style=\"color: #3366ff;\">Una lectura vertical de Arlt y Borges<\/span><\/a><\/strong> (Nido de Vacas, 2025)\u00a0<\/span><\/p>\n<p><span class=\"qu\" tabindex=\"-1\" role=\"gridcell\" translate=\"no\"><span class=\"go\"><strong><span style=\"color: #000000;\">IG: <\/span><\/strong><span style=\"color: #0000ff;\"><a style=\"color: #0000ff;\" href=\"https:\/\/www.instagram.com\/lapoesiatehararico\/\"><span style=\"color: #3366ff;\">@lapoesiatehararico <\/span><\/a><\/span><strong><span style=\"color: #000000;\">\/ e-mail:<\/span><\/strong><span style=\"color: #000000;\">fernandez_tomas@yahoo.com<\/span><\/span><\/span><\/p>\n<p>&nbsp;<\/p>\n<p>&nbsp;<\/p>\n<p><span style=\"color: #000000;\"><strong><img loading=\"lazy\" decoding=\"async\" data-attachment-id=\"2892\" data-permalink=\"https:\/\/nidodevacas.com.ar\/?attachment_id=2892\" data-orig-file=\"https:\/\/nidodevacas.com.ar\/wp-content\/uploads\/2024\/10\/Julieta-Frontero.jpg\" data-orig-size=\"600,800\" data-comments-opened=\"0\" data-image-meta=\"{&quot;aperture&quot;:&quot;0&quot;,&quot;credit&quot;:&quot;&quot;,&quot;camera&quot;:&quot;&quot;,&quot;caption&quot;:&quot;&quot;,&quot;created_timestamp&quot;:&quot;0&quot;,&quot;copyright&quot;:&quot;&quot;,&quot;focal_length&quot;:&quot;0&quot;,&quot;iso&quot;:&quot;0&quot;,&quot;shutter_speed&quot;:&quot;0&quot;,&quot;title&quot;:&quot;&quot;,&quot;orientation&quot;:&quot;1&quot;}\" data-image-title=\"Julieta Frontero\" data-image-description=\"\" data-image-caption=\"\" data-large-file=\"https:\/\/nidodevacas.com.ar\/wp-content\/uploads\/2024\/10\/Julieta-Frontero.jpg\" class=\"size-medium wp-image-2892 alignright\" src=\"https:\/\/nidodevacas.com.ar\/wp-content\/uploads\/2024\/10\/Julieta-Frontero-225x300.jpg\" alt=\"\" width=\"225\" height=\"300\" srcset=\"https:\/\/nidodevacas.com.ar\/wp-content\/uploads\/2024\/10\/Julieta-Frontero-225x300.jpg 225w, https:\/\/nidodevacas.com.ar\/wp-content\/uploads\/2024\/10\/Julieta-Frontero.jpg 600w\" sizes=\"auto, (max-width: 225px) 100vw, 225px\" \/>Julieta Frontero<\/strong> (Lan\u00fas, Buenos Aires, 1991) Es trabajadora de la salud y escribiente. Estudi\u00f3 la Licenciatura en Psicolog\u00eda en la UBA y particip\u00f3 de m\u00faltiples talleres literarios, tanto en la ciudad de Buenos Aires como en el m\u00edtico conurbano bonaerense. En 2021 public\u00f3 el ensayo <em>Oficio del Fuego<\/em>, que reedit\u00f3 en 2023 de forma independiente. Varios de sus cuentos y ensayos sobre salud mental, cultura y sociedad circulan en revistas digitales. Atraves\u00f3 dos selvas; habita en sus m\u00e1rgenes. <strong><span style=\"color: #3366ff;\">ysyry, en la sangre<\/span><\/strong> (Nido de Vacas, 2025) es su primer poemario<\/span><span class=\"qu\" style=\"color: #000000;\" tabindex=\"-1\" role=\"gridcell\" translate=\"no\"><span class=\"go\">\u00a0<\/span><\/span><\/p>\n<p><span class=\"qu\" tabindex=\"-1\" role=\"gridcell\" translate=\"no\"><span class=\"go\"><strong><span style=\"color: #000000;\">IG: <\/span><\/strong><span style=\"color: #3366ff;\"><a style=\"color: #3366ff;\" href=\"https:\/\/www.instagram.com\/fuegadeideas\/\">@fuegadeideas <\/a><\/span><strong><span style=\"color: #000000;\">\/ e-mail: <\/span><\/strong><span style=\"color: #000000;\">julietafrontero@gmail.com<\/span><\/span><\/span><\/p>\n<p>&nbsp;<\/p>\n<p>&nbsp;<\/p>\n<p>&nbsp;<\/p>\n<p>&nbsp;<\/p>\n<p><strong><img loading=\"lazy\" decoding=\"async\" data-attachment-id=\"1717\" data-permalink=\"https:\/\/nidodevacas.com.ar\/?attachment_id=1717\" data-orig-file=\"https:\/\/nidodevacas.com.ar\/wp-content\/uploads\/2024\/10\/Leandro-Gabilondo.jpg\" data-orig-size=\"600,800\" data-comments-opened=\"0\" data-image-meta=\"{&quot;aperture&quot;:&quot;0&quot;,&quot;credit&quot;:&quot;&quot;,&quot;camera&quot;:&quot;&quot;,&quot;caption&quot;:&quot;&quot;,&quot;created_timestamp&quot;:&quot;0&quot;,&quot;copyright&quot;:&quot;&quot;,&quot;focal_length&quot;:&quot;0&quot;,&quot;iso&quot;:&quot;0&quot;,&quot;shutter_speed&quot;:&quot;0&quot;,&quot;title&quot;:&quot;&quot;,&quot;orientation&quot;:&quot;1&quot;}\" data-image-title=\"Leandro Gabilondo\" data-image-description=\"\" data-image-caption=\"\" data-large-file=\"https:\/\/nidodevacas.com.ar\/wp-content\/uploads\/2024\/10\/Leandro-Gabilondo.jpg\" class=\"size-medium wp-image-1717 alignleft\" src=\"https:\/\/nidodevacas.com.ar\/wp-content\/uploads\/2024\/10\/Leandro-Gabilondo-225x300.jpg\" alt=\"\" width=\"225\" height=\"300\" srcset=\"https:\/\/nidodevacas.com.ar\/wp-content\/uploads\/2024\/10\/Leandro-Gabilondo-225x300.jpg 225w, https:\/\/nidodevacas.com.ar\/wp-content\/uploads\/2024\/10\/Leandro-Gabilondo.jpg 600w\" sizes=\"auto, (max-width: 225px) 100vw, 225px\" \/><span style=\"color: #000000;\">Leandro Gabilondo<\/span><\/strong><span style=\"color: #000000;\"> (Barrio Las Flores, Arrecifes, Buenos Aires) Vivi\u00f3 y estudi\u00f3 Letras en Rosario, Santa Fe, pero desde 2007 se radic\u00f3 en Capital Federal y sigui\u00f3 la carrera en la UBA. Se gana la vida como redactor, corrector y guionista. Ha publicado los poemarios <em>Delivery con lluvia<\/em> (Espiral Calipso, 2012), <em>Retiro<\/em> (Espiral Calipso, 2013), <em>Kerosene de lo posible<\/em> (Caleta Olivia, 2017), <em>Creo que nunca me voy a poder comprar una casa<\/em> (Abre Cultura, 2020), <em>Barrio Las Flores<\/em> (Abre Cultura, 2021) y<\/span> <span style=\"color: #3366ff;\"><strong><a style=\"color: #3366ff;\" href=\"https:\/\/nidodevacas.com.ar\/2024\/11\/01\/la-vero-similitud-leandro-gabilondo\/\">La Vero Similitud. Cien poemas y una nota <\/a><\/strong><\/span><span style=\"color: #000000;\">(Nido de Vacas, 2024); los relatos <em>La pertenencia<\/em> (Espiral Calipso, 2015) y las novelas <em>Falta una vida para el verano<\/em> (Ind\u00f3mita luz, 2018) y<\/span> <span style=\"color: #3366ff;\"><strong><a style=\"color: #3366ff;\" href=\"https:\/\/nidodevacas.com.ar\/2023\/08\/15\/me-hace-ilusion-leandro-gabilondo\/\">Me hace ilusi\u00f3n<\/a><\/strong><\/span> <span style=\"color: #000000;\">(Abre Cultura, 2022; Nido de Vacas, 2023).<\/span><\/p>\n<p><span style=\"color: #000000;\"><strong>e-mail: <\/strong>leogabilondo@gmail.com<span class=\"qu\" tabindex=\"-1\" role=\"gridcell\" translate=\"no\"><span class=\"go\">\u00a0\/ <\/span><\/span><\/span><span class=\"qu\" style=\"text-align: right;\" tabindex=\"-1\" role=\"gridcell\" translate=\"no\"><span class=\"go\"><strong><span style=\"color: #000000;\">IG: <\/span><\/strong><span style=\"color: #3366ff;\"><a style=\"color: #3366ff;\" href=\"https:\/\/www.instagram.com\/leandrogabilondo\/\">@leandrogabilondo <\/a><\/span><strong><span style=\"color: #000000;\">\/ Web: <\/span><\/strong><span style=\"color: #3366ff;\"><a style=\"color: #3366ff;\" href=\"https:\/\/leandrogabilondo.com.ar\/\">https:\/\/leandrogabilondo.com.ar\/<\/a><\/span><\/span><\/span><\/p>\n<p>&nbsp;<\/p>\n<p>&nbsp;<\/p>\n<p><strong><img loading=\"lazy\" decoding=\"async\" data-attachment-id=\"1725\" data-permalink=\"https:\/\/nidodevacas.com.ar\/?attachment_id=1725\" data-orig-file=\"https:\/\/nidodevacas.com.ar\/wp-content\/uploads\/2024\/10\/Rolando-Galante.jpg\" data-orig-size=\"600,800\" data-comments-opened=\"0\" data-image-meta=\"{&quot;aperture&quot;:&quot;0&quot;,&quot;credit&quot;:&quot;&quot;,&quot;camera&quot;:&quot;&quot;,&quot;caption&quot;:&quot;&quot;,&quot;created_timestamp&quot;:&quot;0&quot;,&quot;copyright&quot;:&quot;&quot;,&quot;focal_length&quot;:&quot;0&quot;,&quot;iso&quot;:&quot;0&quot;,&quot;shutter_speed&quot;:&quot;0&quot;,&quot;title&quot;:&quot;&quot;,&quot;orientation&quot;:&quot;1&quot;}\" data-image-title=\"Rolando Galante\" data-image-description=\"\" data-image-caption=\"\" data-large-file=\"https:\/\/nidodevacas.com.ar\/wp-content\/uploads\/2024\/10\/Rolando-Galante.jpg\" class=\"size-medium wp-image-1725 alignright\" src=\"https:\/\/nidodevacas.com.ar\/wp-content\/uploads\/2024\/10\/Rolando-Galante-225x300.jpg\" alt=\"\" width=\"225\" height=\"300\" srcset=\"https:\/\/nidodevacas.com.ar\/wp-content\/uploads\/2024\/10\/Rolando-Galante-225x300.jpg 225w, https:\/\/nidodevacas.com.ar\/wp-content\/uploads\/2024\/10\/Rolando-Galante.jpg 600w\" sizes=\"auto, (max-width: 225px) 100vw, 225px\" \/><span style=\"color: #000000;\">Rolando Galante<\/span><\/strong><span style=\"color: #000000;\"><strong>\u00a0<\/strong>(Rojas, Buenos Aires) Es profesor de Lengua y Literatura, y autor de un cancionero in\u00e9dito titulado <em>Soy la semilla<\/em>. Otra de sus actividades fue la radiofon\u00eda. Form\u00f3 parte de\u00a0Ramito de Albahaca, un grupo que amalgama distintas expresiones art\u00edsticas como la m\u00fasica, la alfarer\u00eda y la literatura.<\/span><br \/>\n<span style=\"color: #000000;\">Public\u00f3\u00a0los libros<\/span>\u00a0<a href=\"https:\/\/nidodevacas.com.ar\/2020\/08\/01\/canto-de-tierra-y-de-pan-rolando-galante\/\"><strong><span style=\"color: #3366ff;\">Canto de tierra y de pan<\/span><\/strong><\/a> <span style=\"color: #000000;\">(Nido de Vacas, 2020), declarado de Inter\u00e9s Municipal y Cultural por el HCD de Rojas y seleccionado finalista por el premio Faja de Honor que entrega la Sociedad de Escritores de la provincia de Buenos Aires (SEP), y<\/span> <span style=\"color: #3366ff;\"><strong><a style=\"color: #3366ff;\" href=\"https:\/\/nidodevacas.com.ar\/2022\/04\/12\/los-vestigios-de-la-greda-rolando-galante\/\">Los vestigios de la greda<\/a><\/strong><\/span> <span style=\"color: #000000;\">(Nido de Vacas, 2022).<\/span><\/p>\n<p><span style=\"color: #000000;\"><strong>e-mail: <\/strong><span class=\"qu\" tabindex=\"-1\" role=\"gridcell\" translate=\"no\"><span class=\"go\">rologalante@hotmail.com \/ <\/span><\/span><\/span><span class=\"qu\" tabindex=\"-1\" role=\"gridcell\" translate=\"no\"><span class=\"go\"><strong><span style=\"color: #000000;\">IG:<\/span><\/strong><span style=\"color: #3366ff;\"><a style=\"color: #3366ff;\" href=\"https:\/\/www.instagram.com\/paul.rayoblanco\/\">@rolo_galante<\/a>\u00a0<\/span><\/span><\/span><\/p>\n<p>&nbsp;<\/p>\n<p>&nbsp;<\/p>\n<p>&nbsp;<\/p>\n<p style=\"text-align: left;\"><strong><img loading=\"lazy\" decoding=\"async\" data-attachment-id=\"1719\" data-permalink=\"https:\/\/nidodevacas.com.ar\/?attachment_id=1719\" data-orig-file=\"https:\/\/nidodevacas.com.ar\/wp-content\/uploads\/2024\/10\/Marcela-Garavano-scaled-e1730127300756.jpg\" data-orig-size=\"600,799\" data-comments-opened=\"0\" data-image-meta=\"{&quot;aperture&quot;:&quot;3.2&quot;,&quot;credit&quot;:&quot;CARLA POLICELLA&quot;,&quot;camera&quot;:&quot;Canon EOS R6&quot;,&quot;caption&quot;:&quot;&quot;,&quot;created_timestamp&quot;:&quot;1705002561&quot;,&quot;copyright&quot;:&quot;&quot;,&quot;focal_length&quot;:&quot;70&quot;,&quot;iso&quot;:&quot;2000&quot;,&quot;shutter_speed&quot;:&quot;0.01&quot;,&quot;title&quot;:&quot;&quot;,&quot;orientation&quot;:&quot;1&quot;}\" data-image-title=\"Marcela Garavano\" data-image-description=\"\" data-image-caption=\"\" data-large-file=\"https:\/\/nidodevacas.com.ar\/wp-content\/uploads\/2024\/10\/Marcela-Garavano-683x1024.jpg\" class=\"size-medium wp-image-1719 alignleft\" src=\"https:\/\/nidodevacas.com.ar\/wp-content\/uploads\/2024\/10\/Marcela-Garavano-scaled-e1730127300756-225x300.jpg\" alt=\"\" width=\"225\" height=\"300\" srcset=\"https:\/\/nidodevacas.com.ar\/wp-content\/uploads\/2024\/10\/Marcela-Garavano-scaled-e1730127300756-225x300.jpg 225w, https:\/\/nidodevacas.com.ar\/wp-content\/uploads\/2024\/10\/Marcela-Garavano-scaled-e1730127300756.jpg 600w\" sizes=\"auto, (max-width: 225px) 100vw, 225px\" \/><span style=\"color: #000000;\">Marcela<\/span><\/strong><span style=\"color: #000000;\"><strong> Garavano<\/strong> (Arrecifes, Buenos Aires, 1983). Licenciada en Comunicaci\u00f3n de la UBA y Magister en Servicios sobre Comunicaci\u00f3n Audiovisual. Particip\u00f3 de distintos talleres y espacios de escritura. Ha escrito art\u00edculos y notas sobre rock, un g\u00e9nero nodal para su lectura del mundo. A sus 12 a\u00f1os, un cassette grabado con el disco En Directo la acerc\u00f3 a la banda sonora de su vida: \u201cPatricio Rey y sus Redonditos de Ricota\u201d y a las l\u00edricas de su cantautor, Carlos \u201cIndio Solari\u201d.<\/span> <span style=\"color: #3366ff;\"><strong><a style=\"color: #3366ff;\" href=\"https:\/\/nidodevacas.com.ar\/2024\/03\/30\/ellas-bailan-con-todos-marcela-garavano\/\">Ellas bailan con todos<\/a><\/strong><\/span> <span style=\"color: #000000;\">(Nido de Vacas, 2024) es su primer libro.<\/span><\/p>\n<p style=\"text-align: left;\"><strong style=\"color: #000000; text-align: right;\">e-mail: <\/strong><span style=\"color: #000000; text-align: right;\">marcelagaravano@gmail.com<\/span><span class=\"qu\" style=\"color: #000000; text-align: right;\" tabindex=\"-1\" role=\"gridcell\" translate=\"no\"><span class=\"go\">\u00a0\/ <\/span><\/span><span class=\"qu\" style=\"color: #000000; text-align: right;\" tabindex=\"-1\" role=\"gridcell\" translate=\"no\"><span class=\"go\"><strong>IG: <\/strong><span style=\"color: #3366ff;\"><a style=\"color: #3366ff;\" href=\"https:\/\/www.instagram.com\/marcegaravano\/\">@marcegaravano<\/a><\/span><strong> \/ <\/strong><span style=\"color: #3366ff;\"><a style=\"color: #3366ff;\" href=\"https:\/\/www.instagram.com\/ellasbailancontodos\/\">@ellasbailancontodos<\/a><\/span><\/span><\/span><\/p>\n<p>&nbsp;<\/p>\n<p>&nbsp;<\/p>\n<p>&nbsp;<\/p>\n<p><strong><img loading=\"lazy\" decoding=\"async\" data-attachment-id=\"1704\" data-permalink=\"https:\/\/nidodevacas.com.ar\/?attachment_id=1704\" data-orig-file=\"https:\/\/nidodevacas.com.ar\/wp-content\/uploads\/2024\/10\/Carlos-Gracian.jpg\" data-orig-size=\"600,800\" data-comments-opened=\"0\" data-image-meta=\"{&quot;aperture&quot;:&quot;0&quot;,&quot;credit&quot;:&quot;&quot;,&quot;camera&quot;:&quot;&quot;,&quot;caption&quot;:&quot;&quot;,&quot;created_timestamp&quot;:&quot;0&quot;,&quot;copyright&quot;:&quot;&quot;,&quot;focal_length&quot;:&quot;0&quot;,&quot;iso&quot;:&quot;0&quot;,&quot;shutter_speed&quot;:&quot;0&quot;,&quot;title&quot;:&quot;&quot;,&quot;orientation&quot;:&quot;1&quot;}\" data-image-title=\"Carlos Gracian\" data-image-description=\"\" data-image-caption=\"\" data-large-file=\"https:\/\/nidodevacas.com.ar\/wp-content\/uploads\/2024\/10\/Carlos-Gracian.jpg\" class=\"size-medium wp-image-1704 alignright\" src=\"https:\/\/nidodevacas.com.ar\/wp-content\/uploads\/2024\/10\/Carlos-Gracian-225x300.jpg\" alt=\"\" width=\"225\" height=\"300\" srcset=\"https:\/\/nidodevacas.com.ar\/wp-content\/uploads\/2024\/10\/Carlos-Gracian-225x300.jpg 225w, https:\/\/nidodevacas.com.ar\/wp-content\/uploads\/2024\/10\/Carlos-Gracian.jpg 600w\" sizes=\"auto, (max-width: 225px) 100vw, 225px\" \/><span style=\"color: #000000;\">Carlos Gracian<\/span><\/strong><span style=\"color: #000000;\"> (Rojas, Buenos Aires, 1980) Es profesor de Historia por la Universidad Nacional de Luj\u00e1n y cursa sus estudios de Maestr\u00eda en Historia en la Universidad Nacional de Tres de Febrero. Se desempe\u00f1a como Profesor Adjunto de la c\u00e1tedra Introducci\u00f3n a las Problem\u00e1ticas del Mundo Contempor\u00e1neo de la UnTref y es coordinador de ese espacio curricular en el \u00e1rea de Educaci\u00f3n Virtual de la Universidad. Ejerce tambi\u00e9n la docencia en Historia en Nivel Medio. Participa como investigador en el Centro de Estudios sobre el Mundo Contempor\u00e1neo, en el marco de la Programaci\u00f3n Cient\u00edfica UnTref. Ha colaborado en la escritura del libro Problem\u00e1ticas contempor\u00e1neas. Ensayos sobre una \u00e9poca en transici\u00f3n (Eduntref, 2015) y en la producci\u00f3n de diversos art\u00edculos acad\u00e9micos<\/span>.<span style=\"color: #3366ff;\"><a style=\"color: #3366ff;\" href=\"https:\/\/nidodevacas.com.ar\/2024\/03\/02\/la-fantasia-neoliberal-carlos-gracian\/\"><strong> La fantas\u00eda neoliberal<\/strong><\/a> <\/span><span style=\"color: #000000;\">(Nido de Vacas, 2024) es su primer libro.<\/span><\/p>\n<p><span style=\"color: #000000;\"><strong>e-mail:<\/strong> carlosdamiangracian@hotmail.com \/ <\/span><strong><span style=\"color: #000000;\">IG: <\/span><\/strong><span style=\"color: #3366ff;\"><a style=\"color: #3366ff;\" href=\"https:\/\/www.facebook.com\/profile.php?id=672499658\">@carlosdamiangracian<\/a><\/span><\/p>\n<p>&nbsp;<\/p>\n<p>&nbsp;<\/p>\n<p><strong><img loading=\"lazy\" decoding=\"async\" data-attachment-id=\"1957\" data-permalink=\"https:\/\/nidodevacas.com.ar\/?attachment_id=1957\" data-orig-file=\"https:\/\/nidodevacas.com.ar\/wp-content\/uploads\/2024\/10\/Coca-Mica-1.jpg\" data-orig-size=\"600,800\" data-comments-opened=\"0\" data-image-meta=\"{&quot;aperture&quot;:&quot;0&quot;,&quot;credit&quot;:&quot;&quot;,&quot;camera&quot;:&quot;&quot;,&quot;caption&quot;:&quot;&quot;,&quot;created_timestamp&quot;:&quot;0&quot;,&quot;copyright&quot;:&quot;&quot;,&quot;focal_length&quot;:&quot;0&quot;,&quot;iso&quot;:&quot;0&quot;,&quot;shutter_speed&quot;:&quot;0&quot;,&quot;title&quot;:&quot;&quot;,&quot;orientation&quot;:&quot;1&quot;}\" data-image-title=\"Coca-Mica\" data-image-description=\"\" data-image-caption=\"\" data-large-file=\"https:\/\/nidodevacas.com.ar\/wp-content\/uploads\/2024\/10\/Coca-Mica-1.jpg\" class=\"size-medium wp-image-1957 alignleft\" src=\"https:\/\/nidodevacas.com.ar\/wp-content\/uploads\/2024\/10\/Coca-Mica-1-225x300.jpg\" alt=\"\" width=\"225\" height=\"300\" srcset=\"https:\/\/nidodevacas.com.ar\/wp-content\/uploads\/2024\/10\/Coca-Mica-1-225x300.jpg 225w, https:\/\/nidodevacas.com.ar\/wp-content\/uploads\/2024\/10\/Coca-Mica-1.jpg 600w\" sizes=\"auto, (max-width: 225px) 100vw, 225px\" \/><span style=\"color: #000000;\">Mar\u00eda Elena Ju\u00e9<\/span><\/strong><span style=\"color: #000000;\"> es docente, bibliotecaria, escritora, fot\u00f3grafa, integrante de una tradicional y numerosa familia. <strong>Micaela Romera <\/strong>es ilustradora y estudiante de Dise\u00f1o en la Universidad de La Plata. Ambas son nacidas en Rojas. Son t\u00eda y sobrina, que se juntaron para compartir esos momentos de la ni\u00f1ez que jam\u00e1s olvidar\u00e1n. Por estas p\u00e1ginas desfilan la familia, los amigos, lugares, momentos y situaciones vividas. Juntas escribieron <span style=\"color: #3366ff;\"><em><a style=\"color: #3366ff;\" href=\"https:\/\/nidodevacas.com.ar\/?p=912\"><strong>Cuentos, que no son cuentos&#8230;<\/strong><\/a> <\/em><\/span><\/span>(N<span style=\"color: #000000;\">ido de Vacas, 2021)<\/span><\/p>\n<p>&nbsp;<\/p>\n<p style=\"text-align: right;\">\n<p>&nbsp;<\/p>\n<p>&nbsp;<\/p>\n<p>&nbsp;<\/p>\n<p>&nbsp;<\/p>\n<p><strong><img loading=\"lazy\" decoding=\"async\" data-attachment-id=\"1714\" data-permalink=\"https:\/\/nidodevacas.com.ar\/?attachment_id=1714\" data-orig-file=\"https:\/\/nidodevacas.com.ar\/wp-content\/uploads\/2024\/10\/Juan-Carlos-Llaurado-scaled-e1730127406426.jpg\" data-orig-size=\"599,799\" data-comments-opened=\"0\" data-image-meta=\"{&quot;aperture&quot;:&quot;0&quot;,&quot;credit&quot;:&quot;&quot;,&quot;camera&quot;:&quot;&quot;,&quot;caption&quot;:&quot;&quot;,&quot;created_timestamp&quot;:&quot;0&quot;,&quot;copyright&quot;:&quot;&quot;,&quot;focal_length&quot;:&quot;0&quot;,&quot;iso&quot;:&quot;0&quot;,&quot;shutter_speed&quot;:&quot;0&quot;,&quot;title&quot;:&quot;&quot;,&quot;orientation&quot;:&quot;0&quot;}\" data-image-title=\"Juan Carlos Llaurad\u00f3\" data-image-description=\"\" data-image-caption=\"\" data-large-file=\"https:\/\/nidodevacas.com.ar\/wp-content\/uploads\/2024\/10\/Juan-Carlos-Llaurado-577x1024.jpg\" class=\"size-medium wp-image-1714 alignright\" src=\"https:\/\/nidodevacas.com.ar\/wp-content\/uploads\/2024\/10\/Juan-Carlos-Llaurado-scaled-e1730127406426-225x300.jpg\" alt=\"\" width=\"225\" height=\"300\" srcset=\"https:\/\/nidodevacas.com.ar\/wp-content\/uploads\/2024\/10\/Juan-Carlos-Llaurado-scaled-e1730127406426-225x300.jpg 225w, https:\/\/nidodevacas.com.ar\/wp-content\/uploads\/2024\/10\/Juan-Carlos-Llaurado-scaled-e1730127406426.jpg 599w\" sizes=\"auto, (max-width: 225px) 100vw, 225px\" \/><span style=\"color: #000000;\">Juan Carlos Llaurad\u00f3<\/span><\/strong><span style=\"color: #000000;\"> (Adrogu\u00e9, Buenos Aires, 1958 &#8211; Rojas, Buenos Aires, 2017) Dirigi\u00f3 varios talleres de lectura y escritura. Como profesor de Filosof\u00eda y Ciencias de la Educaci\u00f3n trabaj\u00f3 en escuelas de catorce provincias. En 1994 public\u00f3 <em>Antojol\u00eda<\/em>, un libro de narraciones y poes\u00edas, junto a otros autores de Adrogu\u00e9. En 2009 gan\u00f3 el primer premio del XXI Certamen Internacional de Poes\u00eda y Narrativa Breve organizado por la editorial Nuevo Ser. De all\u00ed naci\u00f3 la edici\u00f3n de su libro de poemas <em>Dones simb\u00f3licos<\/em>. Tambi\u00e9n integr\u00f3 las antolog\u00edas \u201cLetras del Mundo 2009\u201d (Nuevo Ser), \u201cPoetas y narradores contempor\u00e1neos\u201d (De los Cuatro Vientos) y del concurso literario 2011 organizado por la Cooperativa de Luz y Fuerza El\u00e9ctrica de Rojas (Clyfer). <\/span><span style=\"color: #3366ff;\"><a style=\"color: #3366ff;\" href=\"https:\/\/nidodevacas.com.ar\/?p=126\"><strong>Literales ausencias<\/strong><\/a> <\/span><span style=\"color: #000000;\">(Nido de Vacas, 2018) es un compilado p\u00f3stumo de sus poemas.<\/span><\/p>\n<p>&nbsp;<\/p>\n<p>&nbsp;<\/p>\n<p><img loading=\"lazy\" decoding=\"async\" data-attachment-id=\"3045\" data-permalink=\"https:\/\/nidodevacas.com.ar\/?attachment_id=3045\" data-orig-file=\"https:\/\/nidodevacas.com.ar\/wp-content\/uploads\/2024\/10\/Agustin-Lucas.jpg\" data-orig-size=\"600,800\" data-comments-opened=\"0\" data-image-meta=\"{&quot;aperture&quot;:&quot;0&quot;,&quot;credit&quot;:&quot;&quot;,&quot;camera&quot;:&quot;&quot;,&quot;caption&quot;:&quot;&quot;,&quot;created_timestamp&quot;:&quot;0&quot;,&quot;copyright&quot;:&quot;&quot;,&quot;focal_length&quot;:&quot;0&quot;,&quot;iso&quot;:&quot;0&quot;,&quot;shutter_speed&quot;:&quot;0&quot;,&quot;title&quot;:&quot;&quot;,&quot;orientation&quot;:&quot;1&quot;}\" data-image-title=\"Agust\u00edn Lucas\" data-image-description=\"\" data-image-caption=\"\" data-large-file=\"https:\/\/nidodevacas.com.ar\/wp-content\/uploads\/2024\/10\/Agustin-Lucas.jpg\" class=\"size-medium wp-image-3045 alignleft\" src=\"https:\/\/nidodevacas.com.ar\/wp-content\/uploads\/2024\/10\/Agustin-Lucas-225x300.jpg\" alt=\"\" width=\"225\" height=\"300\" srcset=\"https:\/\/nidodevacas.com.ar\/wp-content\/uploads\/2024\/10\/Agustin-Lucas-225x300.jpg 225w, https:\/\/nidodevacas.com.ar\/wp-content\/uploads\/2024\/10\/Agustin-Lucas.jpg 600w\" sizes=\"auto, (max-width: 225px) 100vw, 225px\" \/><span style=\"color: #000000;\"><strong>Agust\u00edn Lucas<\/strong> (Montevideo, 1985). Futbolista y poeta. Jug\u00f3 en las ligas uruguaya, guatemalteca, venezolana y porte\u00f1a. Es autor de una decena de libros. Los m\u00e1s recientes: <em>La Pucha<\/em> (editorial Secreta, de Uruguay, y Matecito Amargo, de Chile) re\u00fane poes\u00edas publicadas e in\u00e9ditas; en narrativa, el libro de relatos <em>El Bar de los P\u00e1jaros<\/em> (Sujetos, Uruguay, 2021) y la novela <strong><em>Caballo<\/em><\/strong> (Editorial Club, Uruguay, 2024; Nido de Vacas, Argentina y Cambalache, Brasil, 2026). Escribe en <em>La Diaria<\/em> y brinda talleres de escritura y f\u00fatbol en c\u00e1rceles uruguayas. Es fundador de la Escuela de \u201cPoes\u00eda M\u00e1s Ac\u00e1 De Los Mundos\u201d del teatro Sol\u00eds de Montevideo y del proyecto \u201cPelota de Papel\u201d \u2013cuentos escritos por futbolistas\u2013 (editorial Planeta, 2016, 2018, 2019 y 2021). <\/span><\/p>\n<p>&nbsp;<\/p>\n<p>&nbsp;<\/p>\n<p>&nbsp;<\/p>\n<p><span style=\"color: #000000;\"><strong><img loading=\"lazy\" decoding=\"async\" data-attachment-id=\"2763\" data-permalink=\"https:\/\/nidodevacas.com.ar\/?attachment_id=2763\" data-orig-file=\"https:\/\/nidodevacas.com.ar\/wp-content\/uploads\/2024\/10\/Federico-Morales-Pfaffen.jpg\" data-orig-size=\"600,800\" data-comments-opened=\"0\" data-image-meta=\"{&quot;aperture&quot;:&quot;0&quot;,&quot;credit&quot;:&quot;&quot;,&quot;camera&quot;:&quot;&quot;,&quot;caption&quot;:&quot;&quot;,&quot;created_timestamp&quot;:&quot;0&quot;,&quot;copyright&quot;:&quot;&quot;,&quot;focal_length&quot;:&quot;0&quot;,&quot;iso&quot;:&quot;0&quot;,&quot;shutter_speed&quot;:&quot;0&quot;,&quot;title&quot;:&quot;&quot;,&quot;orientation&quot;:&quot;1&quot;}\" data-image-title=\"Federico Morales Pfaffen\" data-image-description=\"\" data-image-caption=\"\" data-large-file=\"https:\/\/nidodevacas.com.ar\/wp-content\/uploads\/2024\/10\/Federico-Morales-Pfaffen.jpg\" class=\"size-medium wp-image-2763 alignright\" src=\"https:\/\/nidodevacas.com.ar\/wp-content\/uploads\/2024\/10\/Federico-Morales-Pfaffen-225x300.jpg\" alt=\"\" width=\"225\" height=\"300\" srcset=\"https:\/\/nidodevacas.com.ar\/wp-content\/uploads\/2024\/10\/Federico-Morales-Pfaffen-225x300.jpg 225w, https:\/\/nidodevacas.com.ar\/wp-content\/uploads\/2024\/10\/Federico-Morales-Pfaffen.jpg 600w\" sizes=\"auto, (max-width: 225px) 100vw, 225px\" \/>Federico Morales Pfaffen <\/strong>(Buenos Aires, 1989) Desde joven viene desempe\u00f1ando distintas funciones en el mundo de la prensa y la comunicaci\u00f3n. Durante cuatro a\u00f1os con secutivos particip\u00f3 del taller literario dirigido por\u00a0Luis Mey. Actualmente, cursa la Licenciatura en Artes de la Escritura, en la Universidad Nacional de las Artes (UNA). <a href=\"https:\/\/nidodevacas.com.ar\/?p=2759\"><span style=\"color: #3366ff;\"><strong>Atardece sobre Kiev<\/strong> <\/span><\/a>es su primer libro.<\/span><\/p>\n<p><span style=\"color: #000000;\"><strong>e-mail:<\/strong> fg.morales89@gmail.com \/ <\/span><strong><span style=\"color: #000000;\">IG:<\/span><\/strong><span style=\"color: #3366ff;\"><a style=\"color: #3366ff;\" href=\"https:\/\/www.instagram.com\/fg.pfaffen\/\">@fg.pfaffen<\/a><\/span><\/p>\n<p>&nbsp;<\/p>\n<p>&nbsp;<\/p>\n<p>&nbsp;<\/p>\n<p>&nbsp;<\/p>\n<p>&nbsp;<\/p>\n<p><strong><img loading=\"lazy\" decoding=\"async\" data-attachment-id=\"1716\" data-permalink=\"https:\/\/nidodevacas.com.ar\/?attachment_id=1716\" data-orig-file=\"https:\/\/nidodevacas.com.ar\/wp-content\/uploads\/2024\/10\/Juan-Oppizzi-e1730127481574.jpg\" data-orig-size=\"600,800\" data-comments-opened=\"0\" data-image-meta=\"{&quot;aperture&quot;:&quot;0&quot;,&quot;credit&quot;:&quot;&quot;,&quot;camera&quot;:&quot;&quot;,&quot;caption&quot;:&quot;&quot;,&quot;created_timestamp&quot;:&quot;0&quot;,&quot;copyright&quot;:&quot;&quot;,&quot;focal_length&quot;:&quot;0&quot;,&quot;iso&quot;:&quot;0&quot;,&quot;shutter_speed&quot;:&quot;0&quot;,&quot;title&quot;:&quot;&quot;,&quot;orientation&quot;:&quot;0&quot;}\" data-image-title=\"Juan Oppizzi\" data-image-description=\"\" data-image-caption=\"\" data-large-file=\"https:\/\/nidodevacas.com.ar\/wp-content\/uploads\/2024\/10\/Juan-Oppizzi-835x1024.jpg\" class=\"size-medium wp-image-1716 alignleft\" src=\"https:\/\/nidodevacas.com.ar\/wp-content\/uploads\/2024\/10\/Juan-Oppizzi-e1730127481574-225x300.jpg\" alt=\"\" width=\"225\" height=\"300\" srcset=\"https:\/\/nidodevacas.com.ar\/wp-content\/uploads\/2024\/10\/Juan-Oppizzi-e1730127481574-225x300.jpg 225w, https:\/\/nidodevacas.com.ar\/wp-content\/uploads\/2024\/10\/Juan-Oppizzi-e1730127481574.jpg 600w\" sizes=\"auto, (max-width: 225px) 100vw, 225px\" \/><span style=\"color: #000000;\">Juan Jos\u00e9 Oppizzi<\/span><\/strong><span style=\"color: #000000;\"> (San Isidro, 1957) Radicado en Arrecifes, es conferencista y autor de veinticuatro libros, entre novelas, relatos, ensayos, poemas, aforismos y piezas teatrales. Ha colaborado en espacios radiales, revistas y publicaciones virtuales de Argentina, Alemania, Francia, Cuba y Venezuela. Algunos de sus trabajos han recibido distinciones, como el 1\u00b0 premio a la mejor obra narrativa publicada en 2000 por Pobladores del t\u00e9mpano, otorgado por la Sociedad de Escritores de la provincia de Buenos Aires (SEP), y la novela In extremis, finalista para la Faja de Honor 2018 de la misma entidad. En Nido de Vacas public\u00f3 las novelas<\/span><span style=\"color: #3366ff;\"> <a style=\"color: #3366ff;\" href=\"https:\/\/nidodevacas.com.ar\/?p=115\"><strong>La salida<\/strong><\/a> <\/span><span style=\"color: #000000;\">(2018) y<\/span> <span style=\"color: #3366ff;\"><a style=\"color: #3366ff;\" href=\"https:\/\/nidodevacas.com.ar\/?p=847\"><strong>De la tierra<\/strong><\/a> <\/span><span style=\"color: #000000;\">(2021), novela ganadora de la Faja de Honor 2022-2023 otorgada por la Sociedad de Escritores de la Buenos Aires (SEP).<\/span><\/p>\n<p>&nbsp;<\/p>\n<p>&nbsp;<\/p>\n<p><span style=\"color: #000000;\"><strong><img loading=\"lazy\" decoding=\"async\" data-attachment-id=\"3011\" data-permalink=\"https:\/\/nidodevacas.com.ar\/?attachment_id=3011\" data-orig-file=\"https:\/\/nidodevacas.com.ar\/wp-content\/uploads\/2024\/10\/Mariano-Pacheco.jpg\" data-orig-size=\"600,800\" data-comments-opened=\"0\" data-image-meta=\"{&quot;aperture&quot;:&quot;0&quot;,&quot;credit&quot;:&quot;&quot;,&quot;camera&quot;:&quot;&quot;,&quot;caption&quot;:&quot;&quot;,&quot;created_timestamp&quot;:&quot;0&quot;,&quot;copyright&quot;:&quot;&quot;,&quot;focal_length&quot;:&quot;0&quot;,&quot;iso&quot;:&quot;0&quot;,&quot;shutter_speed&quot;:&quot;0&quot;,&quot;title&quot;:&quot;&quot;,&quot;orientation&quot;:&quot;1&quot;}\" data-image-title=\"Mariano Pacheco\" data-image-description=\"\" data-image-caption=\"\" data-large-file=\"https:\/\/nidodevacas.com.ar\/wp-content\/uploads\/2024\/10\/Mariano-Pacheco.jpg\" class=\"size-medium wp-image-3011 alignright\" src=\"https:\/\/nidodevacas.com.ar\/wp-content\/uploads\/2024\/10\/Mariano-Pacheco-225x300.jpg\" alt=\"\" width=\"225\" height=\"300\" srcset=\"https:\/\/nidodevacas.com.ar\/wp-content\/uploads\/2024\/10\/Mariano-Pacheco-225x300.jpg 225w, https:\/\/nidodevacas.com.ar\/wp-content\/uploads\/2024\/10\/Mariano-Pacheco.jpg 600w\" sizes=\"auto, (max-width: 225px) 100vw, 225px\" \/>Mariano Pacheco. <\/strong>Escritor <\/span><span style=\"color: #000000;\">y periodista. Trabaja como <\/span><span style=\"color: #000000;\">columnista en Perfil Cultura, la <\/span><span style=\"color: #000000;\">radio AM 830 de Buenos Aires y el <\/span><span style=\"color: #000000;\">portal \u201cLa luna con gatillo\u201d. <\/span><span style=\"color: #000000;\">Es editor de la secci\u00f3n <\/span><span style=\"color: #000000;\">\u201cContraataque\u201d en la revista <\/span><span style=\"color: #000000;\">Resistencias y coordina los <\/span><span style=\"color: #000000;\">Encuentros de Filosof\u00eda y salud <\/span><span style=\"color: #000000;\">mental \u201cLecturas sintom\u00e1ticas\u201d <\/span><span style=\"color: #000000;\">y la Escuela de Filosof\u00eda \u201cHoracio <\/span><span style=\"color: #000000;\">Gonz\u00e1lez\u201d del Instituto Plebeyo. <\/span><span style=\"color: #000000;\">Integra la Revista \u201cEl Rafo\u201d y <\/span><span style=\"color: #000000;\">conduce \u201cEscrituras sintom\u00e1ticas\u201d \u2013Laboratorio de Experimentaci\u00f3n <\/span><span style=\"color: #000000;\">Cr\u00edtico\u2013 Narrativa de la Escuela <\/span><span style=\"color: #000000;\">de Literatura Autogestiva \u201cAldo F. <\/span><span style=\"color: #000000;\">Oliva\u201d de Rosario. <\/span><span style=\"color: #000000;\">Se desempe\u00f1a como investigador <\/span><span style=\"color: #000000;\">del Departamento de Literatura y <\/span><span style=\"color: #000000;\">Sociedad del Centro Cultural de la <\/span><span style=\"color: #000000;\">Cooperaci\u00f3n \u201cFloreal Gorini\u201d. <\/span><span style=\"color: #000000;\">Coordina espacios de formaci\u00f3n <\/span><span style=\"color: #000000;\">pol\u00edtica en sindicatos y <\/span><span style=\"color: #000000;\">movimientos sociales. <\/span><span style=\"color: #000000;\">Es autor de m\u00e1s de media docena <\/span><span style=\"color: #000000;\">de libros.<a href=\"https:\/\/nidodevacas.com.ar\/?p=2961\"><span style=\"color: #3366ff;\"><strong> Literatura y revoluci\u00f3n<\/strong><\/span><\/a> (2026) es el primero publicado en Nido de Vacas.<\/span><\/p>\n<p><span style=\"color: #000000;\"><strong>e-mail:<\/strong> profanaspalabras@gmail.com \/ <\/span><strong><span style=\"color: #000000;\">IG:<\/span><\/strong><span style=\"color: #3366ff;\"><a style=\"color: #3366ff;\" href=\"https:\/\/www.instagram.com\/pachecomariano.ok\/\">@pachecomariano.ok\/<\/a><\/span><\/p>\n<p>&nbsp;<\/p>\n<p>&nbsp;<\/p>\n<p><strong><img loading=\"lazy\" decoding=\"async\" data-attachment-id=\"1711\" data-permalink=\"https:\/\/nidodevacas.com.ar\/?attachment_id=1711\" data-orig-file=\"https:\/\/nidodevacas.com.ar\/wp-content\/uploads\/2024\/10\/Gonzalo-Peralta.jpg\" data-orig-size=\"600,800\" data-comments-opened=\"0\" data-image-meta=\"{&quot;aperture&quot;:&quot;0&quot;,&quot;credit&quot;:&quot;&quot;,&quot;camera&quot;:&quot;&quot;,&quot;caption&quot;:&quot;&quot;,&quot;created_timestamp&quot;:&quot;0&quot;,&quot;copyright&quot;:&quot;&quot;,&quot;focal_length&quot;:&quot;0&quot;,&quot;iso&quot;:&quot;0&quot;,&quot;shutter_speed&quot;:&quot;0&quot;,&quot;title&quot;:&quot;&quot;,&quot;orientation&quot;:&quot;1&quot;}\" data-image-title=\"Gonzalo Peralta\" data-image-description=\"\" data-image-caption=\"\" data-large-file=\"https:\/\/nidodevacas.com.ar\/wp-content\/uploads\/2024\/10\/Gonzalo-Peralta.jpg\" class=\"size-medium wp-image-1711 alignleft\" src=\"https:\/\/nidodevacas.com.ar\/wp-content\/uploads\/2024\/10\/Gonzalo-Peralta-225x300.jpg\" alt=\"\" width=\"225\" height=\"300\" srcset=\"https:\/\/nidodevacas.com.ar\/wp-content\/uploads\/2024\/10\/Gonzalo-Peralta-225x300.jpg 225w, https:\/\/nidodevacas.com.ar\/wp-content\/uploads\/2024\/10\/Gonzalo-Peralta.jpg 600w\" sizes=\"auto, (max-width: 225px) 100vw, 225px\" \/><span style=\"color: #000000;\">Gonzalo Peralta <\/span><\/strong><span style=\"color: #000000;\">(Arrecifes, Buenos Aires, 1988) <\/span><span style=\"color: #000000;\">Profesor en Historia egresado del Instituto Superior de Formaci\u00f3n Docente y T\u00e9cnica N\u00b0 122 \u201cPresidente Arturo Illia\u201d de Pergamino. Es militante pol\u00edtico activo desde 2010 y concejal de Arrecifes, mandato 2021-2025. Se desempe\u00f1\u00f3 como jefe de las oficinas de ANSES de su ciudad entre 2020 y 2024. Fue presidente del Club Atl\u00e9tico Hurac\u00e1n de Arrecifes entre 2015 y 2017. Su primer libro publicado es<\/span> <span style=\"color: #3366ff;\"><strong><a style=\"color: #3366ff;\" href=\"https:\/\/nidodevacas.com.ar\/2024\/08\/30\/la-razon-militante-gonzalo-peralta\/\">La raz\u00f3n militante. Apuntes para la construcci\u00f3n pol\u00edtica en los pueblos del interior<\/a><\/strong><\/span> <span style=\"color: #000000;\">(Nido de Vacas, 2024).<\/span><\/p>\n<p><span style=\"color: #000000;\"><strong>e-mail:<\/strong> peraltagonzalo10@gmail.com \/ <\/span><strong><span style=\"color: #000000;\">IG: <\/span><\/strong><span style=\"color: #3366ff;\"><a style=\"color: #3366ff;\" href=\"https:\/\/www.instagram.com\/apuntes_para_la_militancia\/\">@apuntes_para_la_militancia\/<\/a><\/span><\/p>\n<p>&nbsp;<\/p>\n<p>&nbsp;<\/p>\n<p>&nbsp;<\/p>\n<p><span style=\"color: #000000;\"><strong><img loading=\"lazy\" decoding=\"async\" data-attachment-id=\"2903\" data-permalink=\"https:\/\/nidodevacas.com.ar\/?attachment_id=2903\" data-orig-file=\"https:\/\/nidodevacas.com.ar\/wp-content\/uploads\/2024\/10\/Federico-Pita.jpg\" data-orig-size=\"600,800\" data-comments-opened=\"0\" data-image-meta=\"{&quot;aperture&quot;:&quot;0&quot;,&quot;credit&quot;:&quot;&quot;,&quot;camera&quot;:&quot;&quot;,&quot;caption&quot;:&quot;&quot;,&quot;created_timestamp&quot;:&quot;0&quot;,&quot;copyright&quot;:&quot;&quot;,&quot;focal_length&quot;:&quot;0&quot;,&quot;iso&quot;:&quot;0&quot;,&quot;shutter_speed&quot;:&quot;0&quot;,&quot;title&quot;:&quot;&quot;,&quot;orientation&quot;:&quot;1&quot;}\" data-image-title=\"Federico Pita\" data-image-description=\"\" data-image-caption=\"\" data-large-file=\"https:\/\/nidodevacas.com.ar\/wp-content\/uploads\/2024\/10\/Federico-Pita.jpg\" class=\"size-medium wp-image-2903 alignright\" src=\"https:\/\/nidodevacas.com.ar\/wp-content\/uploads\/2024\/10\/Federico-Pita-225x300.jpg\" alt=\"\" width=\"225\" height=\"300\" srcset=\"https:\/\/nidodevacas.com.ar\/wp-content\/uploads\/2024\/10\/Federico-Pita-225x300.jpg 225w, https:\/\/nidodevacas.com.ar\/wp-content\/uploads\/2024\/10\/Federico-Pita.jpg 600w\" sizes=\"auto, (max-width: 225px) 100vw, 225px\" \/><\/strong><\/span><\/p>\n<p><span style=\"color: #000000;\"><strong>Federico Pita<\/strong> (Buenos Aires, 1979) Polit\u00f3logo por la Universidad de Buenos Aires (UBA), activista e intelectual afroargentino. Es fundador de la Di\u00e1spora Africana de la Argentina (DIAFAR). Se desempe\u00f1a como director del N\u00facleo de Estudios sobre Racismo y Desigualdades de la Universidad Metropolitana para la Educaci\u00f3n y el Trabajo (UMET). Es editor del segmento NEGRX en P\u00e1gina\/12 y co-coordinador del Grupo de Trabajo (2023-2025) \u201cCrisis civilizatoria, reconfiguraciones del racismo, movimientos sociales afrolatinoamericanos\u201d del Consejo Latinomaericano de Ciencias Sociales (CLACSO). Es compilador y autor del libro<span style=\"color: #3366ff;\"> <strong><a style=\"color: #3366ff;\" href=\"https:\/\/nidodevacas.com.ar\/?p=2824\">Antirracismo. Pensamiento y praxis en clave afrolatinoamericana<\/a><\/strong><\/span> (Nido de Vacas, 2025)<\/span><\/p>\n<p>&nbsp;<\/p>\n<p>&nbsp;<\/p>\n<p>&nbsp;<\/p>\n<p><strong><img loading=\"lazy\" decoding=\"async\" data-attachment-id=\"1710\" data-permalink=\"https:\/\/nidodevacas.com.ar\/?attachment_id=1710\" data-orig-file=\"https:\/\/nidodevacas.com.ar\/wp-content\/uploads\/2024\/10\/Federico-Riveiro.jpg\" data-orig-size=\"600,800\" data-comments-opened=\"0\" data-image-meta=\"{&quot;aperture&quot;:&quot;0&quot;,&quot;credit&quot;:&quot;&quot;,&quot;camera&quot;:&quot;&quot;,&quot;caption&quot;:&quot;&quot;,&quot;created_timestamp&quot;:&quot;0&quot;,&quot;copyright&quot;:&quot;&quot;,&quot;focal_length&quot;:&quot;0&quot;,&quot;iso&quot;:&quot;0&quot;,&quot;shutter_speed&quot;:&quot;0&quot;,&quot;title&quot;:&quot;&quot;,&quot;orientation&quot;:&quot;1&quot;}\" data-image-title=\"Federico Riveiro\" data-image-description=\"\" data-image-caption=\"\" data-large-file=\"https:\/\/nidodevacas.com.ar\/wp-content\/uploads\/2024\/10\/Federico-Riveiro.jpg\" class=\"size-medium wp-image-1710 alignleft\" src=\"https:\/\/nidodevacas.com.ar\/wp-content\/uploads\/2024\/10\/Federico-Riveiro-225x300.jpg\" alt=\"\" width=\"225\" height=\"300\" srcset=\"https:\/\/nidodevacas.com.ar\/wp-content\/uploads\/2024\/10\/Federico-Riveiro-225x300.jpg 225w, https:\/\/nidodevacas.com.ar\/wp-content\/uploads\/2024\/10\/Federico-Riveiro.jpg 600w\" sizes=\"auto, (max-width: 225px) 100vw, 225px\" \/><span style=\"color: #000000;\">Federico Riveiro<\/span><\/strong><span style=\"color: #000000;\"> (Rojas, Buenos Aires, 1977) Es editor de Nido de Vacas y autor de los libros <em>Nunca nadie me dijo que nada parece ser lo que parece<\/em> (2006), que re\u00fane cuentos reconocidos en distintos concursos literarios, y de las novelas <em>Lolei.<\/em> <em>Memorias de lo inconfesable<\/em> (2015), <em>Penales para el primer amor<\/em> (2016) y<\/span> <span style=\"color: #3366ff;\"><strong><a style=\"color: #3366ff;\" href=\"https:\/\/nidodevacas.com.ar\/2020\/08\/02\/un-desmayo-en-el-vacio-federico-riveiro\/\">Un desmayo en el vac\u00edo <\/a><\/strong><\/span><span style=\"color: #000000;\">(Nido de Vacas, 2020). Es corrector literario y colabora como jurado de la Editora Cultural de Tierra del Fuego y con la editorial Alexia de Ushuaia, Tierra del Fuego.<\/span><\/p>\n<p><span style=\"color: #000000;\"><strong>e-mail: <\/strong>federiveiro1977@gmail.com<span class=\"qu\" tabindex=\"-1\" role=\"gridcell\" translate=\"no\"><span class=\"go\">\u00a0\/ <\/span><\/span><\/span><span class=\"qu\" style=\"text-align: right;\" tabindex=\"-1\" role=\"gridcell\" translate=\"no\"><span class=\"go\"><strong><span style=\"color: #000000;\">IG: <\/span><\/strong><a href=\"https:\/\/www.instagram.com\/federiveiro1\/\"><span style=\"color: #3366ff;\">@federiveiro1 <\/span><\/a><strong><span style=\"color: #000000;\">\/ FB:<\/span><\/strong><span style=\"color: #3366ff;\"><a style=\"color: #3366ff;\" href=\"https:\/\/www.facebook.com\/federico.riveiro.7\">@federico.riveiro<\/a><\/span><\/span><\/span><\/p>\n<p>&nbsp;<\/p>\n<p>&nbsp;<\/p>\n<p>&nbsp;<\/p>\n<p>&nbsp;<\/p>\n<p><strong><img loading=\"lazy\" decoding=\"async\" data-attachment-id=\"1703\" data-permalink=\"https:\/\/nidodevacas.com.ar\/?attachment_id=1703\" data-orig-file=\"https:\/\/nidodevacas.com.ar\/wp-content\/uploads\/2024\/10\/Araceli-Rodriguez.jpg\" data-orig-size=\"600,800\" data-comments-opened=\"0\" data-image-meta=\"{&quot;aperture&quot;:&quot;0&quot;,&quot;credit&quot;:&quot;&quot;,&quot;camera&quot;:&quot;&quot;,&quot;caption&quot;:&quot;&quot;,&quot;created_timestamp&quot;:&quot;0&quot;,&quot;copyright&quot;:&quot;&quot;,&quot;focal_length&quot;:&quot;0&quot;,&quot;iso&quot;:&quot;0&quot;,&quot;shutter_speed&quot;:&quot;0&quot;,&quot;title&quot;:&quot;&quot;,&quot;orientation&quot;:&quot;1&quot;}\" data-image-title=\"Araceli Rodr\u00edguez\" data-image-description=\"\" data-image-caption=\"\" data-large-file=\"https:\/\/nidodevacas.com.ar\/wp-content\/uploads\/2024\/10\/Araceli-Rodriguez.jpg\" class=\"size-medium wp-image-1703 alignright\" src=\"https:\/\/nidodevacas.com.ar\/wp-content\/uploads\/2024\/10\/Araceli-Rodriguez-225x300.jpg\" alt=\"\" width=\"225\" height=\"300\" srcset=\"https:\/\/nidodevacas.com.ar\/wp-content\/uploads\/2024\/10\/Araceli-Rodriguez-225x300.jpg 225w, https:\/\/nidodevacas.com.ar\/wp-content\/uploads\/2024\/10\/Araceli-Rodriguez.jpg 600w\" sizes=\"auto, (max-width: 225px) 100vw, 225px\" \/><span style=\"color: #000000;\">Araceli Rodr\u00edguez<\/span><\/strong><span style=\"color: #000000;\"> (Rojas, Buenos Aires, 1961) Casada y madre de cuatro hijos, a los cuarenta y dos a\u00f1os sufri\u00f3 un accidente cerebro vascular (ACV) que le dej\u00f3 graves secuelas f\u00edsicas y una afasia significativa. La escritura de su experiencia form\u00f3 parte de un proceso de rehabilitaci\u00f3n paciente e ininterrumpido, que le permiti\u00f3 superar las expectativas de los m\u00e9dicos. El libro<\/span> <span style=\"color: #3366ff;\"><a style=\"color: #3366ff;\" href=\"https:\/\/nidodevacas.com.ar\/?p=109\"><strong>Camino. Vivencias de un ACV<\/strong><\/a><\/span>, <span style=\"color: #000000;\">testimonio y fruto de su recuperaci\u00f3n, fue publicado por primera vez en 2012 y reeditado por Nido de Vacas en 2020. Tambi\u00e9n public\u00f3 la novela<\/span><span style=\"color: #3366ff;\"><a style=\"color: #3366ff;\" href=\"https:\/\/nidodevacas.com.ar\/?p=107\"><strong> La llave maestra<\/strong><\/a><\/span> <span style=\"color: #000000;\">(Nido de Vacas, 2020).<\/span><\/p>\n<p><strong><span style=\"color: #000000;\">IG:<\/span><\/strong><span style=\"color: #3366ff;\"><a style=\"color: #3366ff;\" href=\"https:\/\/www.instagram.com\/araceli.rodriguez.902604\/\">@araceli.rodriguez<\/a> <\/span><strong><span style=\"color: #000000;\">\/ FB:<\/span><\/strong><span style=\"color: #3366ff;\"><a style=\"color: #3366ff;\" href=\"https:\/\/www.facebook.com\/araceli.rodriguez.902604\">@araceli.rodriguez<\/a><\/span><\/p>\n<p>&nbsp;<\/p>\n<p>&nbsp;<\/p>\n<p>&nbsp;<\/p>\n<p style=\"text-align: right;\"><strong><img loading=\"lazy\" decoding=\"async\" data-attachment-id=\"1707\" data-permalink=\"https:\/\/nidodevacas.com.ar\/?attachment_id=1707\" data-orig-file=\"https:\/\/nidodevacas.com.ar\/wp-content\/uploads\/2024\/10\/Diego-Singer.jpg\" data-orig-size=\"600,800\" data-comments-opened=\"0\" data-image-meta=\"{&quot;aperture&quot;:&quot;0&quot;,&quot;credit&quot;:&quot;&quot;,&quot;camera&quot;:&quot;&quot;,&quot;caption&quot;:&quot;&quot;,&quot;created_timestamp&quot;:&quot;0&quot;,&quot;copyright&quot;:&quot;&quot;,&quot;focal_length&quot;:&quot;0&quot;,&quot;iso&quot;:&quot;0&quot;,&quot;shutter_speed&quot;:&quot;0&quot;,&quot;title&quot;:&quot;&quot;,&quot;orientation&quot;:&quot;1&quot;}\" data-image-title=\"Diego Singer\" data-image-description=\"\" data-image-caption=\"\" data-large-file=\"https:\/\/nidodevacas.com.ar\/wp-content\/uploads\/2024\/10\/Diego-Singer.jpg\" class=\"size-medium wp-image-1707 alignleft\" src=\"https:\/\/nidodevacas.com.ar\/wp-content\/uploads\/2024\/10\/Diego-Singer-225x300.jpg\" alt=\"\" width=\"225\" height=\"300\" srcset=\"https:\/\/nidodevacas.com.ar\/wp-content\/uploads\/2024\/10\/Diego-Singer-225x300.jpg 225w, https:\/\/nidodevacas.com.ar\/wp-content\/uploads\/2024\/10\/Diego-Singer.jpg 600w\" sizes=\"auto, (max-width: 225px) 100vw, 225px\" \/><span style=\"color: #000000;\">Diego Singer<\/span><\/strong><span style=\"color: #000000;\"> (Buenos Aires, 1978) Es Profesor de Filosof\u00eda por la Universidad de Buenos Aires y Maestrando en Estudios Interdisciplinarios de la Subjetividad. Ejerci\u00f3 la docencia en Nivel Medio en las materias Sociolog\u00eda y Filosof\u00eda y form\u00f3 parte del grupo de coordinaci\u00f3n del Taller de Filosof\u00eda en el programa de Extensi\u00f3n Universitaria en el CUD (Centro Universitario Devoto-UBA XXII). Coordina desde hace m\u00e1s de diez a\u00f1os grupos de estudio de Filosof\u00eda y realiza encuentros abiertos de \u201cFilosof\u00eda a la gorra\u201d en todo el pa\u00eds. Dicta regularmente clases para profesionales de salud mental en instituciones hospitalarias de la Ciudad de Buenos Aires. Es docente de la Diplomatura de Estudios Avanzados en Psicoan\u00e1lisis y de la Especializaci\u00f3n en Teor\u00eda y Pr\u00e1ctica Psicoanal\u00edtica (UNSAM). Es director y profesor de la Diplomatura en Subjetividad y Estado (UNLZ). Es autor de los libros<\/span><span style=\"color: #3366ff;\"><strong><a style=\"color: #3366ff;\" href=\"https:\/\/nidodevacas.com.ar\/2019\/04\/23\/politicas-del-discurso-diego-singer\/\"> Pol\u00edticas del discurso. Intervenciones filos\u00f3ficas en la escuela<\/a><\/strong><\/span> <span style=\"color: #000000;\">(Nido de Vacas, 2019) y <em>Nihilismo con piel de lobo. Nietzsche frente al neoliberalismo<\/em> (Las Cuarenta, 2024).<\/span><\/p>\n<p style=\"text-align: right;\"><span style=\"color: #000000;\"><strong>e-mail: <\/strong>diegosinger@gmail.com<span class=\"qu\" tabindex=\"-1\" role=\"gridcell\" translate=\"no\"><span class=\"go\">\u00a0\/ <\/span><\/span><\/span><span class=\"qu\" style=\"text-align: left;\" tabindex=\"-1\" role=\"gridcell\" translate=\"no\"><span class=\"go\"><strong><span style=\"color: #000000;\">IG:<\/span><\/strong><span style=\"color: #3366ff;\"><a style=\"color: #3366ff;\" href=\"https:\/\/www.instagram.com\/tallerdefilo\/\">@tallerdefilo<\/a><\/span><strong><span style=\"color: #000000;\">\/ Web: <\/span><\/strong><span style=\"color: #3366ff;\"><a style=\"color: #3366ff;\" href=\"https:\/\/tallerdefilosofia.com.ar\/\">https:\/\/tallerdefilosofia.com.ar\/<\/a><\/span><\/span><\/span><\/p>\n<p>&nbsp;<\/p>\n<p><strong><img loading=\"lazy\" decoding=\"async\" data-attachment-id=\"1713\" data-permalink=\"https:\/\/nidodevacas.com.ar\/?attachment_id=1713\" data-orig-file=\"https:\/\/nidodevacas.com.ar\/wp-content\/uploads\/2024\/10\/Hugo-Silveira.jpg\" data-orig-size=\"600,800\" data-comments-opened=\"0\" data-image-meta=\"{&quot;aperture&quot;:&quot;0&quot;,&quot;credit&quot;:&quot;&quot;,&quot;camera&quot;:&quot;&quot;,&quot;caption&quot;:&quot;&quot;,&quot;created_timestamp&quot;:&quot;0&quot;,&quot;copyright&quot;:&quot;&quot;,&quot;focal_length&quot;:&quot;0&quot;,&quot;iso&quot;:&quot;0&quot;,&quot;shutter_speed&quot;:&quot;0&quot;,&quot;title&quot;:&quot;&quot;,&quot;orientation&quot;:&quot;1&quot;}\" data-image-title=\"Hugo Silveira\" data-image-description=\"\" data-image-caption=\"\" data-large-file=\"https:\/\/nidodevacas.com.ar\/wp-content\/uploads\/2024\/10\/Hugo-Silveira.jpg\" class=\"size-medium wp-image-1713 alignright\" src=\"https:\/\/nidodevacas.com.ar\/wp-content\/uploads\/2024\/10\/Hugo-Silveira-225x300.jpg\" alt=\"\" width=\"225\" height=\"300\" srcset=\"https:\/\/nidodevacas.com.ar\/wp-content\/uploads\/2024\/10\/Hugo-Silveira-225x300.jpg 225w, https:\/\/nidodevacas.com.ar\/wp-content\/uploads\/2024\/10\/Hugo-Silveira.jpg 600w\" sizes=\"auto, (max-width: 225px) 100vw, 225px\" \/><span style=\"color: #000000;\">Hugo Rub\u00e9n Silveira <\/span><\/strong><span style=\"color: #000000;\">(Rojas, Buenos Aires, 1951) H<\/span><span style=\"color: #000000;\">ijo de Alicia Beatriz Garc\u00eda y Juan Carlos Silveira. Curs\u00f3 estudios universitarios en Rosario, gradu\u00e1ndose de Contador P\u00fablico Nacional en 1975. En virtud de su inter\u00e9s por la historia lugare\u00f1a, en 1973 fue convocado para integrar el Departamento de Investigaciones Hist\u00f3ricas de la Municipalidad de Rojas. Desde la recuperaci\u00f3n de la democracia, en 1983, hasta la actualidad, ha ocupado cargos oficiales en los gabinetes de todos los intendentes. Desde hace d\u00e9cadas publica en medios period\u00edsticos locales, art\u00edculos sobre temas relacionados a la historia del distrito. Public\u00f3 los libros<\/span><span style=\"color: #3366ff;\">\u00a0<a style=\"color: #3366ff;\" href=\"https:\/\/nidodevacas.com.ar\/?p=961\"><strong>Pueblos y parajes de Rojas<\/strong><\/a><\/span>\u00a0<span style=\"color: #000000;\">(Nido de Vacas, 2021)<\/span>,<span style=\"color: #3366ff;\"><strong><a style=\"color: #3366ff;\" href=\"https:\/\/nidodevacas.com.ar\/2023\/11\/02\/aportes-para-la-historia-de-rojas-1-hugo-silveira\/\"> Aportes para la historia de Rojas. Tomo 1: Desde los or\u00edgenes hasta 1946<\/a><\/strong><\/span> <span style=\"color: #000000;\">(Nido de Vacas, 2023) y<a href=\"https:\/\/nidodevacas.com.ar\/?p=2838\"><span style=\"color: #3366ff;\"> <strong><span style=\"color: #3366ff;\">Aportes para la historia de Rojas. Tomo 2: Desde 1946 hasta 1983<\/span><\/strong><\/span><\/a> (Nido de Vacas, 2025).<\/span><\/p>\n<p><strong style=\"text-align: right;\">FB: <\/strong><span style=\"color: #3366ff;\"><a style=\"color: #3366ff;\" href=\"https:\/\/www.facebook.com\/profile.php?id=100072341480449\">@hugosilveira<\/a><\/span><\/p>\n<p>&nbsp;<\/p>\n<p>&nbsp;<\/p>\n<p><strong><img loading=\"lazy\" decoding=\"async\" data-attachment-id=\"1721\" data-permalink=\"https:\/\/nidodevacas.com.ar\/?attachment_id=1721\" data-orig-file=\"https:\/\/nidodevacas.com.ar\/wp-content\/uploads\/2024\/10\/Maria-Elena-Sofia-scaled-e1730127604700.jpg\" data-orig-size=\"600,800\" data-comments-opened=\"0\" data-image-meta=\"{&quot;aperture&quot;:&quot;1.7&quot;,&quot;credit&quot;:&quot;&quot;,&quot;camera&quot;:&quot;SM-A307G&quot;,&quot;caption&quot;:&quot;&quot;,&quot;created_timestamp&quot;:&quot;1606498917&quot;,&quot;copyright&quot;:&quot;&quot;,&quot;focal_length&quot;:&quot;3.93&quot;,&quot;iso&quot;:&quot;400&quot;,&quot;shutter_speed&quot;:&quot;0.04&quot;,&quot;title&quot;:&quot;&quot;,&quot;orientation&quot;:&quot;1&quot;}\" data-image-title=\"Mar\u00eda Elena Sof\u00eda\" data-image-description=\"\" data-image-caption=\"\" data-large-file=\"https:\/\/nidodevacas.com.ar\/wp-content\/uploads\/2024\/10\/Maria-Elena-Sofia-768x1024.jpg\" class=\"size-medium wp-image-1721 alignleft\" src=\"https:\/\/nidodevacas.com.ar\/wp-content\/uploads\/2024\/10\/Maria-Elena-Sofia-225x300.jpg\" alt=\"\" width=\"225\" height=\"300\" \/><span style=\"color: #000000;\">Mar\u00eda Elena Sof\u00eda<\/span><\/strong><span style=\"color: #000000;\"> (O\u2019Higgins, Buenos Aires) Public\u00f3 los libros <em>Primer Fuego<\/em> (cuentos, 2001), <em>Historias para ni\u00f1os<\/em> (cuentos infantiles ilustrados, 2012), <em>Aidan Bell y El Libro del Destino<\/em> (novela juvenil, 2016), <em>Abreviando<\/em> (dramaturgia breve, 2017) y<\/span><span style=\"color: #3366ff;\"> <a style=\"color: #3366ff;\" href=\"https:\/\/nidodevacas.com.ar\/?p=438\"><strong>Mil veces la vida<\/strong><\/a><\/span> <span style=\"color: #000000;\">(Nido de Vacas, 2020), novela ganadora de la Faja de Honor 2020-2021 otorgada por la Sociedad de Escritores de la Buenos Aires (SEP). Con otros autores public\u00f3 <em>Extra\u00f1o para\u00edso<\/em> (novela, junto a Marcelo Moriconi), <em>Perturbaciones<\/em> (dramaturgia), y <em>Dramaturgos de la provincia de Buenos Aires<\/em> (elegida por concurso, ARGENTORES). Estren\u00f3 obras de teatro, en Buenos Aires, La Plata y Mendoza. Fue guionista de <em>Palabras de amor<\/em> (homenaje coral a Joan Manuel Serrat, 2007). Reside en Chacabuco y trabaja en el \u00e1mbito editorial.<\/span><\/p>\n<p style=\"text-align: left;\">\n<p>&nbsp;<\/p>\n<p>&nbsp;<\/p>\n<p style=\"text-align: left;\"><strong><img loading=\"lazy\" decoding=\"async\" data-attachment-id=\"1706\" data-permalink=\"https:\/\/nidodevacas.com.ar\/?attachment_id=1706\" data-orig-file=\"https:\/\/nidodevacas.com.ar\/wp-content\/uploads\/2024\/10\/Danila-Suarez-Tome-e1730127643721.jpg\" data-orig-size=\"600,799\" data-comments-opened=\"0\" data-image-meta=\"{&quot;aperture&quot;:&quot;0&quot;,&quot;credit&quot;:&quot;&quot;,&quot;camera&quot;:&quot;&quot;,&quot;caption&quot;:&quot;&quot;,&quot;created_timestamp&quot;:&quot;0&quot;,&quot;copyright&quot;:&quot;&quot;,&quot;focal_length&quot;:&quot;0&quot;,&quot;iso&quot;:&quot;0&quot;,&quot;shutter_speed&quot;:&quot;0&quot;,&quot;title&quot;:&quot;&quot;,&quot;orientation&quot;:&quot;0&quot;}\" data-image-title=\"Danila Su\u00e1rez Tom\u00e9\" data-image-description=\"\" data-image-caption=\"\" data-large-file=\"https:\/\/nidodevacas.com.ar\/wp-content\/uploads\/2024\/10\/Danila-Suarez-Tome-769x1024.jpg\" class=\"size-medium wp-image-1706 alignright\" src=\"https:\/\/nidodevacas.com.ar\/wp-content\/uploads\/2024\/10\/Danila-Suarez-Tome-225x300.jpg\" alt=\"\" width=\"225\" height=\"300\" \/><\/strong><\/p>\n<p style=\"text-align: left;\"><strong><span style=\"color: #000000;\">Danila Su\u00e1rez Tom\u00e9<\/span><\/strong><span style=\"color: #000000;\"> (Wilde, Buenos Aires, 1985) es Doctora en Filosof\u00eda por la Universidad de Buenos Aires (UBA) y Profesora en Ense\u00f1anza Media y Superior en Filosof\u00eda (UBA). Cuenta con diplomas de posgrado en G\u00e9nero y Derecho (UBA) y en Filosof\u00eda de las Ciencias Cognitivas por la Universidad Alberto Hurtado de Chile. Se desempe\u00f1a como investigadora del Instituto de Investigaciones Filos\u00f3ficas (SADAF\/CONICET) y es Jefa de Trabajos Pr\u00e1cticos en las materias de Gnoseolog\u00eda y Filosof\u00eda Feminista en la UBA. Dirige el Grupo de Investigaci\u00f3n en Epistemolog\u00eda Feminista en SADAF, y sus investigaciones exploran la intersecci\u00f3n entre la fenomenolog\u00eda y la epistemolog\u00eda desde una perspectiva feminista. Es autora de varios libros, entre ellos<\/span><span style=\"color: #3366ff;\">\u00a0<a style=\"color: #3366ff;\" href=\"https:\/\/nidodevacas.com.ar\/?p=1237\"><strong>Introducci\u00f3n a la teor\u00eda feminista<\/strong><\/a><\/span><span style=\"color: #000000;\">\u00a0(Nido de Vacas, 2022),\u00a0<em>Simone de Beauvoir<\/em>\u00a0(Galerna, 2022),\u00a0<em>Filosof\u00eda de la Amistad<\/em>\u00a0(Taurus, 2023, junto a Laura Belli) y\u00a0<em>Epistemolog\u00eda feminista<\/em>\u00a0(Eudeba, 2024, junto a Laura Belli y Agostina Mileo). Adem\u00e1s, participa en el programa de streaming\u00a0<em>Noticias de Ayer<\/em>\u00a0junto a Agostina Mileo y Natal\u00ed Incaminato. Es cocreadora de los podcasts <em>Peripat\u00e9ticas<\/em> y <em>Ocultonas<\/em>, disponible en plataformas como Spotify.<\/span><\/p>\n<p style=\"text-align: left;\"><span style=\"color: #000000;\"><strong>e-mail:<\/strong> danilast@gmail.com \/<\/span><strong><span style=\"color: #000000;\"> IG: <\/span><\/strong><span style=\"color: #3366ff;\"><a style=\"color: #3366ff;\" href=\"https:\/\/www.instagram.com\/danihila\/\">@danhila <\/a><\/span><\/p>\n<p>&nbsp;<\/p>\n<p><strong><img loading=\"lazy\" decoding=\"async\" data-attachment-id=\"1723\" data-permalink=\"https:\/\/nidodevacas.com.ar\/?attachment_id=1723\" data-orig-file=\"https:\/\/nidodevacas.com.ar\/wp-content\/uploads\/2024\/10\/Pablo-Vidal-e1730127710457.jpg\" data-orig-size=\"599,799\" data-comments-opened=\"0\" data-image-meta=\"{&quot;aperture&quot;:&quot;1.7&quot;,&quot;credit&quot;:&quot;&quot;,&quot;camera&quot;:&quot;moto g(20)&quot;,&quot;caption&quot;:&quot;&quot;,&quot;created_timestamp&quot;:&quot;1722465299&quot;,&quot;copyright&quot;:&quot;&quot;,&quot;focal_length&quot;:&quot;4.71&quot;,&quot;iso&quot;:&quot;320&quot;,&quot;shutter_speed&quot;:&quot;0.05&quot;,&quot;title&quot;:&quot;&quot;,&quot;orientation&quot;:&quot;1&quot;}\" data-image-title=\"Pablo Vidal\" data-image-description=\"\" data-image-caption=\"\" data-large-file=\"https:\/\/nidodevacas.com.ar\/wp-content\/uploads\/2024\/10\/Pablo-Vidal-615x1024.jpg\" class=\"size-medium wp-image-1723 alignleft\" src=\"https:\/\/nidodevacas.com.ar\/wp-content\/uploads\/2024\/10\/Pablo-Vidal-e1730127710457-225x300.jpg\" alt=\"\" width=\"225\" height=\"300\" srcset=\"https:\/\/nidodevacas.com.ar\/wp-content\/uploads\/2024\/10\/Pablo-Vidal-e1730127710457-225x300.jpg 225w, https:\/\/nidodevacas.com.ar\/wp-content\/uploads\/2024\/10\/Pablo-Vidal-e1730127710457.jpg 599w\" sizes=\"auto, (max-width: 225px) 100vw, 225px\" \/><span style=\"color: #000000;\">Pablo Vidal<\/span><\/strong><span style=\"color: #000000;\"> (Mendoza, 1981) Creci\u00f3 en Arrecifes y vive en Pergamino desde el 2008. Es profesor de Lengua y Literatura y coordinador de talleres literarios. Escribi\u00f3 <em>El milagro de \u201cEl Mono<\/em><em>\u201d<\/em>\u00a0(Milena Pergamino, 2019), reescrituras en tono barrial de cuentos de Jorge Luis Borges. Las lecturas que lo formaron van desde las f\u00e1bulas de Esopo hasta Stephen King, desde Poe y Lovecraft hasta Juan Rulfo.<\/span>\u00a0<span style=\"color: #3366ff;\"><strong><a style=\"color: #3366ff;\" href=\"https:\/\/nidodevacas.com.ar\/2024\/08\/23\/el-rio-es-una-herida-que-nunca-sana-pablo-vidal\/\">El r\u00edo es una herida que nunca sana<\/a><\/strong><\/span> <span style=\"color: #000000;\">(Nido de Vacas, 2024) es su segundo libro.<\/span><\/p>\n<p><span style=\"color: #000000;\"><strong>e-mail: <\/strong>pablocesarvidal1981@gmail.com<span class=\"qu\" tabindex=\"-1\" role=\"gridcell\" translate=\"no\"><span class=\"go\">\u00a0\/ <\/span><\/span><\/span><span class=\"qu\" tabindex=\"-1\" role=\"gridcell\" translate=\"no\"><span class=\"go\"><strong><span style=\"color: #000000;\">IG:<\/span><\/strong> <span style=\"color: #3366ff;\"><a style=\"color: #3366ff;\" href=\"https:\/\/www.instagram.com\/que_clavito_clavo\/\">@pablovidal <\/a><\/span><strong><span style=\"color: #000000;\">\/ FB:<\/span><\/strong><span style=\"color: #3366ff;\"><a style=\"color: #3366ff;\" href=\"https:\/\/www.facebook.com\/pablito.vidal.92\">@pablito.vidal<\/a><\/span><\/span><\/span><\/p>\n<p>&nbsp;<\/p>\n<p>&nbsp;<\/p>\n<p>&nbsp;<\/p>\n<p>&nbsp;<\/p>\n<p style=\"text-align: left;\"><strong><img loading=\"lazy\" decoding=\"async\" data-attachment-id=\"1726\" data-permalink=\"https:\/\/nidodevacas.com.ar\/?attachment_id=1726\" data-orig-file=\"https:\/\/nidodevacas.com.ar\/wp-content\/uploads\/2024\/10\/Silvana-Vignale.jpg\" data-orig-size=\"600,800\" data-comments-opened=\"0\" data-image-meta=\"{&quot;aperture&quot;:&quot;0&quot;,&quot;credit&quot;:&quot;&quot;,&quot;camera&quot;:&quot;&quot;,&quot;caption&quot;:&quot;&quot;,&quot;created_timestamp&quot;:&quot;0&quot;,&quot;copyright&quot;:&quot;&quot;,&quot;focal_length&quot;:&quot;0&quot;,&quot;iso&quot;:&quot;0&quot;,&quot;shutter_speed&quot;:&quot;0&quot;,&quot;title&quot;:&quot;&quot;,&quot;orientation&quot;:&quot;1&quot;}\" data-image-title=\"Silvana Vignale\" data-image-description=\"\" data-image-caption=\"\" data-large-file=\"https:\/\/nidodevacas.com.ar\/wp-content\/uploads\/2024\/10\/Silvana-Vignale.jpg\" class=\"size-medium wp-image-1726 alignright\" src=\"https:\/\/nidodevacas.com.ar\/wp-content\/uploads\/2024\/10\/Silvana-Vignale-225x300.jpg\" alt=\"\" width=\"225\" height=\"300\" srcset=\"https:\/\/nidodevacas.com.ar\/wp-content\/uploads\/2024\/10\/Silvana-Vignale-225x300.jpg 225w, https:\/\/nidodevacas.com.ar\/wp-content\/uploads\/2024\/10\/Silvana-Vignale.jpg 600w\" sizes=\"auto, (max-width: 225px) 100vw, 225px\" \/><span style=\"color: #000000;\">Silvana Vignale<\/span><\/strong><span style=\"color: #000000;\"> (Mendoza, 1978). Doctora en Filosof\u00eda e Investigadora de CONICET. Estudi\u00f3 el Profesorado de Filosof\u00eda en la Universidad Nacional de Cuyo y realiz\u00f3 su Doctorado en Filosof\u00eda en la Universidad Nacional de Lan\u00fas. Su tesis Pol\u00edticas de la subjetividad: subjetivaci\u00f3n, actitud cr\u00edtica y ontolog\u00eda del presente en Michel Foucault (2014) fue dirigida por Esther D\u00edaz. Fue becaria doctoral y posdoctoral en CONICET, donde luego ingres\u00f3 como Investigadora. Se desempe\u00f1a como como Investigadora en el Instituto de Ciencias Humanas, Sociales y Ambientales del CCT CONICET, Mendoza, y como Profesora Titular de Filosof\u00eda y de Antropolog\u00eda Filos\u00f3fica y Sociocultural en la Facultad de Psicolog\u00eda de la Universidad del Aconcagua. Ha escrito en coautor\u00eda <em>Filosof\u00eda: un ejercicio cr\u00edtico del pensamiento<\/em> (Mendoza, Universidad del Aconcagua, 2021) y es autora de numerosos art\u00edculos en revistas especializadas y cap\u00edtulos de libros. Ha dictado seminarios y cursos de posgrado y dirige proyectos de investigaci\u00f3n en CONICET y en la UDA. Es autora de<\/span><span style=\"color: #3366ff;\"><a style=\"color: #3366ff;\" href=\"https:\/\/nidodevacas.com.ar\/?p=907\"> <strong>Filosof\u00eda profana. Hacia un pensamiento de lo no humano<\/strong><\/a><\/span> <span style=\"color: #000000;\">(Nido de Vacas, 2021)<\/span><\/p>\n<p style=\"text-align: left;\"><span style=\"color: #000000;\"><strong>e-mail: <\/strong>silvanavignale@hotmail.com<span class=\"qu\" tabindex=\"-1\" role=\"gridcell\" translate=\"no\"><span class=\"go\">\u00a0\/ <\/span><\/span><\/span><span class=\"qu\" style=\"text-align: right;\" tabindex=\"-1\" role=\"gridcell\" translate=\"no\"><span class=\"go\"><strong><span style=\"color: #000000;\">IG: <\/span><\/strong><span style=\"color: #3366ff;\"><a style=\"color: #3366ff;\" href=\"https:\/\/www.instagram.com\/silvanavignale\/\">@silvanavignale <\/a><\/span><strong><span style=\"color: #000000;\">\/ FB: <\/span><\/strong><span style=\"color: #3366ff;\"><a style=\"color: #3366ff;\" href=\"https:\/\/www.facebook.com\/silvanavignale\">@silvanavignale<\/a><\/span><\/span><\/span><\/p>\n<p>&nbsp;<\/p>\n<p>&nbsp;<\/p>\n<p>&nbsp;<\/p>\n<p>&nbsp;<\/p>\n","protected":false},"excerpt":{"rendered":"<p>Autores de Nido de Vacas<\/p>\n","protected":false},"author":3,"featured_media":0,"comment_status":"closed","ping_status":"closed","sticky":false,"template":"","format":"standard","meta":{"_jetpack_memberships_contains_paid_content":false,"footnotes":""},"categories":[135],"tags":[168,140,144,164,169,162,226,155,175,236,245,153,160,166,165,154,163,145,142,174,211,148,159,146,264,147,170,152,157,158,161,203],"class_list":["post-1701","post","type-post","status-publish","format-standard","hentry","category-autores","tag-alejandro-elcoro","tag-amir-abdala","tag-araceli-rodriguez","tag-carlos-gracian","tag-coca-jue","tag-danila-suarez-tome","tag-diego-aszenberg","tag-diego-singer","tag-emiliano-exposto","tag-federico-morales-pfaffen","tag-federico-pita","tag-federico-riveiro","tag-gonzalo-peralta","tag-hernan-carbonel","tag-hugo-silveira","tag-juan-carlos-llaurado","tag-juan-jorge-barbero","tag-juan-jose-oppizzi","tag-leandro-gabilondo","tag-liliana-barzaghi","tag-manuel-arduino-pavon","tag-marcela-garavano","tag-marcelo-baleriani","tag-maria-elena-sofia","tag-mariano-pacheco","tag-mercedes-aguirre","tag-micaela-romera","tag-pablo-vidal","tag-paul-bravo","tag-rolando-galante","tag-silvana-vignale","tag-tomas-fernandez"],"jetpack_featured_media_url":"","jetpack_sharing_enabled":true,"_links":{"self":[{"href":"https:\/\/nidodevacas.com.ar\/index.php?rest_route=\/wp\/v2\/posts\/1701","targetHints":{"allow":["GET"]}}],"collection":[{"href":"https:\/\/nidodevacas.com.ar\/index.php?rest_route=\/wp\/v2\/posts"}],"about":[{"href":"https:\/\/nidodevacas.com.ar\/index.php?rest_route=\/wp\/v2\/types\/post"}],"author":[{"embeddable":true,"href":"https:\/\/nidodevacas.com.ar\/index.php?rest_route=\/wp\/v2\/users\/3"}],"replies":[{"embeddable":true,"href":"https:\/\/nidodevacas.com.ar\/index.php?rest_route=%2Fwp%2Fv2%2Fcomments&post=1701"}],"version-history":[{"count":38,"href":"https:\/\/nidodevacas.com.ar\/index.php?rest_route=\/wp\/v2\/posts\/1701\/revisions"}],"predecessor-version":[{"id":3048,"href":"https:\/\/nidodevacas.com.ar\/index.php?rest_route=\/wp\/v2\/posts\/1701\/revisions\/3048"}],"wp:attachment":[{"href":"https:\/\/nidodevacas.com.ar\/index.php?rest_route=%2Fwp%2Fv2%2Fmedia&parent=1701"}],"wp:term":[{"taxonomy":"category","embeddable":true,"href":"https:\/\/nidodevacas.com.ar\/index.php?rest_route=%2Fwp%2Fv2%2Fcategories&post=1701"},{"taxonomy":"post_tag","embeddable":true,"href":"https:\/\/nidodevacas.com.ar\/index.php?rest_route=%2Fwp%2Fv2%2Ftags&post=1701"}],"curies":[{"name":"wp","href":"https:\/\/api.w.org\/{rel}","templated":true}]}}