{"id":1600,"date":"2024-04-02T09:17:25","date_gmt":"2024-04-02T12:17:25","guid":{"rendered":"http:\/\/188rutaeditorial.com.ar\/?p=1600"},"modified":"2024-04-02T09:17:28","modified_gmt":"2024-04-02T12:17:28","slug":"el-dia-en-que-me-amigue-con-dios","status":"publish","type":"post","link":"https:\/\/nidodevacas.com.ar\/?p=1600","title":{"rendered":"El d\u00eda en que me amigu\u00e9 con Dios"},"content":{"rendered":"\n<figure class=\"wp-block-image size-full\"><img loading=\"lazy\" decoding=\"async\" width=\"974\" height=\"550\" data-attachment-id=\"1601\" data-permalink=\"https:\/\/nidodevacas.com.ar\/?attachment_id=1601\" data-orig-file=\"https:\/\/nidodevacas.com.ar\/wp-content\/uploads\/2024\/04\/guerra-las-islas-malvinas-974x550-1.png\" data-orig-size=\"974,550\" data-comments-opened=\"0\" data-image-meta=\"{&quot;aperture&quot;:&quot;0&quot;,&quot;credit&quot;:&quot;&quot;,&quot;camera&quot;:&quot;&quot;,&quot;caption&quot;:&quot;&quot;,&quot;created_timestamp&quot;:&quot;0&quot;,&quot;copyright&quot;:&quot;&quot;,&quot;focal_length&quot;:&quot;0&quot;,&quot;iso&quot;:&quot;0&quot;,&quot;shutter_speed&quot;:&quot;0&quot;,&quot;title&quot;:&quot;&quot;,&quot;orientation&quot;:&quot;0&quot;}\" data-image-title=\"guerra-las-islas-malvinas-974&amp;#215;550-1\" data-image-description=\"\" data-image-caption=\"\" data-large-file=\"https:\/\/nidodevacas.com.ar\/wp-content\/uploads\/2024\/04\/guerra-las-islas-malvinas-974x550-1.png\" src=\"http:\/\/188rutaeditorial.com.ar\/wp-content\/uploads\/2024\/04\/guerra-las-islas-malvinas-974x550-1.png\" alt=\"\" class=\"wp-image-1601\" srcset=\"https:\/\/nidodevacas.com.ar\/wp-content\/uploads\/2024\/04\/guerra-las-islas-malvinas-974x550-1.png 974w, https:\/\/nidodevacas.com.ar\/wp-content\/uploads\/2024\/04\/guerra-las-islas-malvinas-974x550-1-600x339.png 600w, https:\/\/nidodevacas.com.ar\/wp-content\/uploads\/2024\/04\/guerra-las-islas-malvinas-974x550-1-300x169.png 300w, https:\/\/nidodevacas.com.ar\/wp-content\/uploads\/2024\/04\/guerra-las-islas-malvinas-974x550-1-768x434.png 768w\" sizes=\"auto, (max-width: 974px) 100vw, 974px\" \/><\/figure>\n\n\n\n<p><\/p>\n\n\n\n<p class=\"has-medium-font-size\"><em>Por Eduardo Gaab<\/em><\/p>\n\n\n\n<p><\/p>\n\n\n\n<p class=\"has-text-align-right has-medium-font-size\"><em>Domingo, 29 de junio de 1986<\/em><\/p>\n\n\n\n<p class=\"has-medium-font-size\"><em>A mi querido Cabo primero del 6to. Regimiento de artiller\u00eda,<\/em><\/p>\n\n\n\n<p class=\"has-medium-font-size\"><em>Sr. Jorge Antonio L\u00f3pez:<\/em><\/p>\n\n\n\n<p class=\"has-medium-font-size\">Hola, querido amigo. Desde hace una semana atr\u00e1s, tu nombre me viene retumbando en la memoria. Por eso te escribo. Porque necesito contarte algo que s\u00e9 que te va a poner contento y, ahora cuando sepas, vas a entender a lo que me refiero.<\/p>\n\n\n\n<p class=\"has-medium-font-size\"><a><\/a> Hace una semana que me amigu\u00e9 con Dios. L\u00f3pez, \u00bflo pod\u00e9s creer? A m\u00ed me cuesta. Porque siempre recuerdo esa noche, con la trinchera llena de agua. Con las patas heladas y sin nada m\u00e1s para meterle a la panza que el paquete de galletas que te hab\u00edas robado en el pueblo. \u00bfTe acord\u00e1s, L\u00f3pez? Esa noche en la que me largu\u00e9 a llorar a moco tendido, y vos me agarraste de los hombros, me sacudiste y me dijiste que ten\u00eda que aguantar un poco m\u00e1s, que los ataques iban a cesar y que por lo menos \u00edbamos a poder descansar un rato. \u00bfTe acord\u00e1s? Que me juraste que a la otra ma\u00f1ana iban a llegar los aviones con provisiones, y que algo nos iba a tocar, porque nosotros mismos las \u00edbamos a ir a buscar. Y yo no hac\u00eda otra cosa que repetir que de ese pozo de barro y mierda no \u00edbamos a salir, que las provisiones no iban a llegar, por el bloqueo y porque Dios ya no estaba en estas islas y nos hab\u00eda olvidado, como todos los dem\u00e1s. Que empec\u00e9 a gritar, una y otra vez, algo as\u00ed como que Dios no exist\u00eda y que, si exist\u00eda, era un hijo de puta. Porque te juro que en ese momento lo odiaba, L\u00f3pez y, aparte, con todo lo que pas\u00f3 despu\u00e9s, no cre\u00ed que fuera posible, pero lo detest\u00e9 todav\u00eda m\u00e1s. Y no s\u00e9 qu\u00e9 habr\u00eda sido de m\u00ed si vos no estabas conmigo. Recuerdo que primero me pegaste una cachetada y luego me gritaste algo as\u00ed como: \u201c\u00a1Callate, Guti\u00e9rrez y la puta que te pari\u00f3! \u00bfMe escuch\u00e1s? \u00a1Dios est\u00e1! \u00a1Y s\u00ed existe, aunque a veces no lo podamos escuchar, ni ver! Es por las bombas, Guti\u00e9rrez, pero est\u00e1 ah\u00ed. No se ve por la niebla, pero est\u00e1 ac\u00e1. \u00a1Te lo juro, soldado! Te lo prometo\u2026 te lo prometo, carajo. Ma\u00f1ana viene un avi\u00f3n y nos agarramos un costillar para nosotros dos solos, nom\u00e1s\u201d. \u00bfTe acord\u00e1s, L\u00f3pez? \u00bfQue me dijiste que lo ibas a asar vos y que saldr\u00eda tan bueno que hasta los gurkas iban a querer venir a morfar? Que con eso me hiciste re\u00edr, y me abrazaste como solo podr\u00eda hacerlo un hermano. Esa noche, tus palabras fueron m\u00e1s que el viento, L\u00f3pez. Y me salvaron. Y me acuerdo de algo m\u00e1s. Me dijiste:<\/p>\n\n\n\n<p class=\"has-medium-font-size\">\u2014Mir\u00e1, ma\u00f1ana, por cada avi\u00f3n que veamos aterrizar, lo vamos a gritar como si estuvi\u00e9ramos en el mundial, all\u00e1 en Espa\u00f1a, bien lejos de ac\u00e1. \u00bfMe escuch\u00e1s, Guti\u00e9rrez?<\/p>\n\n\n\n<p class=\"has-medium-font-size\">Y as\u00ed lo hicimos. A la otra ma\u00f1ana, cuando pas\u00f3 el primer 130 por arriba de nuestras cabezas, \u00a1c\u00f3mo lo gritamos! Me acuerdo de vos, saltando como un loco con el fusil todav\u00eda en la mano, gritando pu\u00f1o en alto, desaforado: \u201c\u00a1Gol! \u00a1Gol! \u00a1Viste que Dios existe, Guti\u00e9rrez y la puta madre que te pari\u00f3!\u201d.<\/p>\n\n\n\n<p class=\"has-medium-font-size\">Ya pasaron cuatro a\u00f1os de ese infierno, amigo, pero desde el domingo pasado que me vengo acordando de vos. De esa noche fr\u00eda en la que me juraste que Dios exist\u00eda, aunque no lo podamos escuchar, ni ver. De esa ma\u00f1ana nublada en la que vimos aparecer a ese \u00e1ngel de metal, del ruido ensordecedor de sus motores, de la ansiedad que se me mezcl\u00f3 con el hambre, el miedo, el fr\u00edo y la soledad. Hay algo que nunca te dije, L\u00f3pez. Esa vez no nos toc\u00f3 ning\u00fan costillar, pero a m\u00ed esa ma\u00f1ana se me llen\u00f3 la panza de otra cosa. Se me llen\u00f3 de felicidad. El pecho de esperanza, y el alma de lealtad, mi querido Cabo primero del sexto regimiento de artiller\u00eda, se\u00f1or Jorge Antonio L\u00f3pez.<\/p>\n\n\n\n<figure class=\"wp-block-image size-full\"><img loading=\"lazy\" decoding=\"async\" width=\"608\" height=\"342\" data-attachment-id=\"1602\" data-permalink=\"https:\/\/nidodevacas.com.ar\/?attachment_id=1602\" data-orig-file=\"https:\/\/nidodevacas.com.ar\/wp-content\/uploads\/2024\/04\/veteranos.jpg\" data-orig-size=\"608,342\" data-comments-opened=\"0\" data-image-meta=\"{&quot;aperture&quot;:&quot;0&quot;,&quot;credit&quot;:&quot;&quot;,&quot;camera&quot;:&quot;&quot;,&quot;caption&quot;:&quot;&quot;,&quot;created_timestamp&quot;:&quot;0&quot;,&quot;copyright&quot;:&quot;&quot;,&quot;focal_length&quot;:&quot;0&quot;,&quot;iso&quot;:&quot;0&quot;,&quot;shutter_speed&quot;:&quot;0&quot;,&quot;title&quot;:&quot;&quot;,&quot;orientation&quot;:&quot;0&quot;}\" data-image-title=\"veteranos\" data-image-description=\"\" data-image-caption=\"\" data-large-file=\"https:\/\/nidodevacas.com.ar\/wp-content\/uploads\/2024\/04\/veteranos.jpg\" src=\"http:\/\/188rutaeditorial.com.ar\/wp-content\/uploads\/2024\/04\/veteranos.jpg\" alt=\"\" class=\"wp-image-1602\" srcset=\"https:\/\/nidodevacas.com.ar\/wp-content\/uploads\/2024\/04\/veteranos.jpg 608w, https:\/\/nidodevacas.com.ar\/wp-content\/uploads\/2024\/04\/veteranos-600x338.jpg 600w, https:\/\/nidodevacas.com.ar\/wp-content\/uploads\/2024\/04\/veteranos-300x169.jpg 300w\" sizes=\"auto, (max-width: 608px) 100vw, 608px\" \/><\/figure>\n\n\n\n<p><\/p>\n\n\n\n<p class=\"has-medium-font-size\">Hace una semana atr\u00e1s, nom\u00e1s, me amigu\u00e9 con Dios. Y de la forma m\u00e1s extra\u00f1a. S\u00e9 que, desde alg\u00fan lugar, habr\u00e1s visto el partido. Y vos no sab\u00e9s. Te cuento: ac\u00e1 en el barrio donde yo vivo, siempre hay baja tensi\u00f3n. Estaba mir\u00e1ndolo en casa, solo. Se ve\u00eda con alguna intermitencia, y entre la locura que me agarr\u00e9 con el primer gol, que si fue de cabeza o con la mano, que si lo cobraban, que si no y, encima, cacheteando al televisor, estaba con los nervios a flor de piel. Ya me conoc\u00e9s, L\u00f3pez.<\/p>\n\n\n\n<p class=\"has-medium-font-size\">Pero unos minutos m\u00e1s tarde, cuando el Negro Enrique le pas\u00f3 la pelota al Diego sent\u00ed algo raro. Alcanc\u00e9 a ver que una punzada electrizante se apoderaba del diez cuando la recib\u00eda. Como si el tipo se sobrecargara de un talento descomunal. Como si de \u00e9l se apoderase una magia ancestral. Como si ya supiera de antemano que esa jugada iba a ser la mejor del mundial y de la historia y que estaba por hacer algo que nos iba a hacer emocionar hasta las l\u00e1grimas, para siempre.<\/p>\n\n\n\n<p class=\"has-medium-font-size\">Entonces, cuando bail\u00f3 arriba de la pelota en la mitad de la cancha, como si fuese un tango inmortal, y lo vi que encaraba para la derecha\u2026 \u00a1Zas! Se cort\u00f3 la luz. La desesperaci\u00f3n que me agarr\u00f3, L\u00f3pez, s\u00f3lo te la puedo comparar con esa noche en la que me agarraste a cachetadas en la trinchera. Pero, como en ese momento no hab\u00eda nadie que me asegurase de que Dios existe, sal\u00ed corriendo, como un loco, desesperado, porque \u00bfsab\u00e9s, L\u00f3pez? De alguna manera, sab\u00eda que esa jugada iba a terminar en gol, y lo quer\u00eda gritar como lo hac\u00edamos con vos, como cuando llegaba un avi\u00f3n. Entonces, sal\u00ed hacia la calle desierta, fr\u00eda y hambrienta de un cachito de revancha con gusto a justicia. Una justicia ef\u00edmera, desabrida y tard\u00eda, pero nuestra. Tuya y m\u00eda\u2026 de todos nosotros. En ese momento, cuando abr\u00ed la puerta de mi casa para salir a la vereda vac\u00eda, me acord\u00e9 de vos. De vos, en esa trinchera, grit\u00e1ndome y jur\u00e1ndome que Dios exist\u00eda. Fue en ese instante cuando lo escuch\u00e9. Cuando lo acept\u00e9. Cuando le perdon\u00e9 por habernos abandonado all\u00e1, tan lejos, hace cuatro a\u00f1os atr\u00e1s. Por habernos fallado. Porque, \u00bfsab\u00e9s, L\u00f3pez? Fue como si desde todos lados se sintieran cientos, miles, millones de voces que me llegaron hasta los huesos con una sola palabra, pero rebosante de m\u00edstica. Una palabra cortita, sencilla, pero estirada hasta el final, como si no alcanzara la vida para gritarla hasta que se rompan todas las gargantas, con todos los pulmones y el coraz\u00f3n. Tan enorme como si no le alcanzara el cielo para hacerse escuchar. Tan potente como para sacudirle a uno los cimientos del alma. Y es por eso que te escribo. Porque, cuando escuch\u00e9 que los cielos se llenaban con esa palabra y se rajaba la tierra en mil pedazos desde sus entra\u00f1as, me amigu\u00e9 con Dios, L\u00f3pez. Y me acord\u00e9 de vos, aquella vez, saltando, abraz\u00e1ndome y gritando como un loco:<\/p>\n\n\n\n<p class=\"has-medium-font-size\">\u2014\u00a1Gol! \u00a1Gol! \u00a1Viste que Dios existe, Guti\u00e9rrez y la puta madre que te pari\u00f3!<\/p>\n\n\n\n<p class=\"has-medium-font-size\">Hoy me dieron ganas de decirte muchas cosas, L\u00f3pez. Que no te voy a olvidar nunca. Que pienso que Dios existe, aunque no lo podamos escuchar, ni ver. Y de eso estoy seguro porque, en ese momento, yo lo sent\u00ed en la piel.<\/p>\n\n\n\n<p class=\"has-medium-font-size\">Y aunque no tenga ad\u00f3nde carajo mandarte esta carta, lo perdono. Porque ahora s\u00e9 que, a veces, se pone los cortos, baja a la tierra y mete la mano delante de la cabeza, y gambetea con un 10 clavado en la camiseta. Y lo hace para siempre. Y s\u00e9 que vos est\u00e1s con \u00e9l, aunque te hayas quedado all\u00e1.<\/p>\n\n\n\n<p class=\"has-medium-font-size\">Gracias, L\u00f3pez. Hasta siempre.<\/p>\n\n\n\n<p><\/p>\n\n\n\n<p class=\"has-text-align-right has-medium-font-size\"><em>Tu compa\u00f1ero de trincheras, Juli\u00e1n Guti\u00e9rrez. <\/em><\/p>\n\n\n\n<p class=\"has-text-align-right has-medium-font-size\"><em>Soldado del 6to. Regimiento de artiller\u00eda de las Islas Malvinas.<\/em><\/p>\n\n\n\n<p class=\"has-text-align-right has-medium-font-size\"><em>Que fueron, son y ser\u00e1n argentinas.<\/em><\/p>\n","protected":false},"excerpt":{"rendered":"<p>\u00abMa\u00f1ana, por cada avi\u00f3n que veamos aterrizar, lo vamos a gritar como si estuvi\u00e9ramos en el mundial, all\u00e1 en Espa\u00f1a, bien lejos de ac\u00e1. \u00bfMe escuch\u00e1s, Guti\u00e9rrez?\u00bb. Un texto de Eduardo Gaab.<\/p>\n","protected":false},"author":1,"featured_media":1601,"comment_status":"closed","ping_status":"closed","sticky":false,"template":"","format":"standard","meta":{"_jetpack_memberships_contains_paid_content":false,"footnotes":""},"categories":[4],"tags":[32,124],"class_list":["post-1600","post","type-post","status-publish","format-standard","has-post-thumbnail","hentry","category-textos","tag-cuentos","tag-malvinas"],"jetpack_featured_media_url":"https:\/\/nidodevacas.com.ar\/wp-content\/uploads\/2024\/04\/guerra-las-islas-malvinas-974x550-1.png","jetpack_sharing_enabled":true,"_links":{"self":[{"href":"https:\/\/nidodevacas.com.ar\/index.php?rest_route=\/wp\/v2\/posts\/1600","targetHints":{"allow":["GET"]}}],"collection":[{"href":"https:\/\/nidodevacas.com.ar\/index.php?rest_route=\/wp\/v2\/posts"}],"about":[{"href":"https:\/\/nidodevacas.com.ar\/index.php?rest_route=\/wp\/v2\/types\/post"}],"author":[{"embeddable":true,"href":"https:\/\/nidodevacas.com.ar\/index.php?rest_route=\/wp\/v2\/users\/1"}],"replies":[{"embeddable":true,"href":"https:\/\/nidodevacas.com.ar\/index.php?rest_route=%2Fwp%2Fv2%2Fcomments&post=1600"}],"version-history":[{"count":1,"href":"https:\/\/nidodevacas.com.ar\/index.php?rest_route=\/wp\/v2\/posts\/1600\/revisions"}],"predecessor-version":[{"id":1603,"href":"https:\/\/nidodevacas.com.ar\/index.php?rest_route=\/wp\/v2\/posts\/1600\/revisions\/1603"}],"wp:featuredmedia":[{"embeddable":true,"href":"https:\/\/nidodevacas.com.ar\/index.php?rest_route=\/wp\/v2\/media\/1601"}],"wp:attachment":[{"href":"https:\/\/nidodevacas.com.ar\/index.php?rest_route=%2Fwp%2Fv2%2Fmedia&parent=1600"}],"wp:term":[{"taxonomy":"category","embeddable":true,"href":"https:\/\/nidodevacas.com.ar\/index.php?rest_route=%2Fwp%2Fv2%2Fcategories&post=1600"},{"taxonomy":"post_tag","embeddable":true,"href":"https:\/\/nidodevacas.com.ar\/index.php?rest_route=%2Fwp%2Fv2%2Ftags&post=1600"}],"curies":[{"name":"wp","href":"https:\/\/api.w.org\/{rel}","templated":true}]}}