{"id":1460,"date":"2023-02-17T11:12:47","date_gmt":"2023-02-17T14:12:47","guid":{"rendered":"http:\/\/188rutaeditorial.com.ar\/?p=1460"},"modified":"2023-02-28T16:01:54","modified_gmt":"2023-02-28T19:01:54","slug":"se-presento-el-plan-bonaerense-de-fortalecimiento-del-libro-y-la-lectura","status":"publish","type":"post","link":"https:\/\/nidodevacas.com.ar\/?p=1460","title":{"rendered":"Se present\u00f3 el \u00abPlan bonaerense de fortalecimiento del libro y la lectura\u00bb"},"content":{"rendered":"<p><img loading=\"lazy\" decoding=\"async\" data-attachment-id=\"1461\" data-permalink=\"https:\/\/nidodevacas.com.ar\/?attachment_id=1461\" data-orig-file=\"https:\/\/nidodevacas.com.ar\/wp-content\/uploads\/2023\/02\/WhatsApp-Image-2023-02-28-at-10.06.05.jpeg\" data-orig-size=\"720,920\" data-comments-opened=\"1\" data-image-meta=\"{&quot;aperture&quot;:&quot;0&quot;,&quot;credit&quot;:&quot;&quot;,&quot;camera&quot;:&quot;&quot;,&quot;caption&quot;:&quot;&quot;,&quot;created_timestamp&quot;:&quot;0&quot;,&quot;copyright&quot;:&quot;&quot;,&quot;focal_length&quot;:&quot;0&quot;,&quot;iso&quot;:&quot;0&quot;,&quot;shutter_speed&quot;:&quot;0&quot;,&quot;title&quot;:&quot;&quot;,&quot;orientation&quot;:&quot;0&quot;}\" data-image-title=\"WhatsApp Image 2023-02-28 at 10.06.05\" data-image-description=\"\" data-image-caption=\"\" data-large-file=\"https:\/\/nidodevacas.com.ar\/wp-content\/uploads\/2023\/02\/WhatsApp-Image-2023-02-28-at-10.06.05.jpeg\" class=\" wp-image-1461 alignleft\" src=\"http:\/\/188rutaeditorial.com.ar\/wp-content\/uploads\/2023\/02\/WhatsApp-Image-2023-02-28-at-10.06.05-235x300.jpeg\" alt=\"\" width=\"254\" height=\"324\" srcset=\"https:\/\/nidodevacas.com.ar\/wp-content\/uploads\/2023\/02\/WhatsApp-Image-2023-02-28-at-10.06.05-235x300.jpeg 235w, https:\/\/nidodevacas.com.ar\/wp-content\/uploads\/2023\/02\/WhatsApp-Image-2023-02-28-at-10.06.05-600x767.jpeg 600w, https:\/\/nidodevacas.com.ar\/wp-content\/uploads\/2023\/02\/WhatsApp-Image-2023-02-28-at-10.06.05.jpeg 720w\" sizes=\"auto, (max-width: 254px) 100vw, 254px\" \/><\/p>\n<p>El mi\u00e9rcoles 15 de febrero se realiz\u00f3 en San Pedro una nueva conferencia de verano encabezada por el gobernador Axel Kicillof, donde fueron recibidos numerosos sectores productivos de la regi\u00f3n.<\/p>\n<p>Entre varios anuncios oficiales, el gobernador y la presidenta del Instituto Cultural, <a href=\"https:\/\/www.facebook.com\/fsaintout?__cft__%5b0%5d=AZVVh50LgiANDs2a-zOCtPPHt1zSLrGQT9bqHZZK42F-shXjkRrGXXpjbXaYF1Prui55g0yVHvuKkiQr5gfnBtc0u32-fjs9d-lcsgCn6W_vwjkMpvkSXgjjRZutfeiXJFVklahw41-sLb3iTwLBw3kiC5T44VFiSImyMak8elmIcXAu5_21Bd-Ir7VtZXeRKjA&amp;__tn__=-%5dK-R\">Florencia Saintout<\/a>, presentaron el <strong><a href=\"https:\/\/www.instagram.com\/p\/Cox4mQJPwfH\/\">\u201cPlan de Fortalecimiento del Libro y la Lectura\u201d<\/a><\/strong> para reforzar la identidad bonaerense, para apoyar y acompa\u00f1ar a autorxs, editorxs, librerxs y bibliotecas populares y promocionar la lectura.<\/p>\n<p>El programa permitir\u00e1 impulsar ferias y festivales, la compra de libros para bibliotecas populares, centros culturales y casas de abrigo. Adem\u00e1s, se profesionalizar\u00e1 y capacitar\u00e1 a librerxs y editorxs y se realizar\u00e1n m\u00e1s de seiscientas actividades e intervenciones.<\/p>\n<p>De esta actividad participaron integrantes del colectivo <a href=\"http:\/\/188rutaeditorial.com.ar\/\"><strong>#188rutaeditorial<\/strong><\/a>, especialmente invitados para el evento, junto a editores, escritores y funcionarios de cultura de municipios de la regi\u00f3n.<\/p>\n<div data-carousel-extra='{&quot;blog_id&quot;:1,&quot;permalink&quot;:&quot;https:\/\/nidodevacas.com.ar\/?p=1460&quot;}' id='gallery-1' class='gallery galleryid-1460 gallery-columns-1 gallery-size-medium'><figure class='gallery-item'>\n\t\t\t<div class='gallery-icon landscape'>\n\t\t\t\t<a href='https:\/\/nidodevacas.com.ar\/?attachment_id=1463'><img loading=\"lazy\" decoding=\"async\" width=\"300\" height=\"225\" src=\"https:\/\/nidodevacas.com.ar\/wp-content\/uploads\/2023\/02\/WhatsApp-Image-2023-02-28-at-10.07.13-300x225.jpeg\" class=\"attachment-medium size-medium\" alt=\"\" srcset=\"https:\/\/nidodevacas.com.ar\/wp-content\/uploads\/2023\/02\/WhatsApp-Image-2023-02-28-at-10.07.13-300x225.jpeg 300w, https:\/\/nidodevacas.com.ar\/wp-content\/uploads\/2023\/02\/WhatsApp-Image-2023-02-28-at-10.07.13-600x450.jpeg 600w, https:\/\/nidodevacas.com.ar\/wp-content\/uploads\/2023\/02\/WhatsApp-Image-2023-02-28-at-10.07.13-1024x768.jpeg 1024w, https:\/\/nidodevacas.com.ar\/wp-content\/uploads\/2023\/02\/WhatsApp-Image-2023-02-28-at-10.07.13-768x576.jpeg 768w, https:\/\/nidodevacas.com.ar\/wp-content\/uploads\/2023\/02\/WhatsApp-Image-2023-02-28-at-10.07.13-1536x1152.jpeg 1536w, https:\/\/nidodevacas.com.ar\/wp-content\/uploads\/2023\/02\/WhatsApp-Image-2023-02-28-at-10.07.13.jpeg 1600w\" sizes=\"auto, (max-width: 300px) 100vw, 300px\" data-attachment-id=\"1463\" data-permalink=\"https:\/\/nidodevacas.com.ar\/?attachment_id=1463\" data-orig-file=\"https:\/\/nidodevacas.com.ar\/wp-content\/uploads\/2023\/02\/WhatsApp-Image-2023-02-28-at-10.07.13.jpeg\" data-orig-size=\"1600,1200\" data-comments-opened=\"1\" data-image-meta=\"{&quot;aperture&quot;:&quot;0&quot;,&quot;credit&quot;:&quot;&quot;,&quot;camera&quot;:&quot;&quot;,&quot;caption&quot;:&quot;&quot;,&quot;created_timestamp&quot;:&quot;0&quot;,&quot;copyright&quot;:&quot;&quot;,&quot;focal_length&quot;:&quot;0&quot;,&quot;iso&quot;:&quot;0&quot;,&quot;shutter_speed&quot;:&quot;0&quot;,&quot;title&quot;:&quot;&quot;,&quot;orientation&quot;:&quot;0&quot;}\" data-image-title=\"WhatsApp Image 2023-02-28 at 10.07.13\" data-image-description=\"\" data-image-caption=\"\" data-large-file=\"https:\/\/nidodevacas.com.ar\/wp-content\/uploads\/2023\/02\/WhatsApp-Image-2023-02-28-at-10.07.13-1024x768.jpeg\" \/><\/a>\n\t\t\t<\/div><\/figure><figure class='gallery-item'>\n\t\t\t<div class='gallery-icon landscape'>\n\t\t\t\t<a href='https:\/\/nidodevacas.com.ar\/?attachment_id=1465'><img loading=\"lazy\" decoding=\"async\" width=\"300\" height=\"225\" src=\"https:\/\/nidodevacas.com.ar\/wp-content\/uploads\/2023\/02\/WhatsApp-Image-2023-02-28-at-10.06.06-300x225.jpeg\" class=\"attachment-medium size-medium\" alt=\"\" srcset=\"https:\/\/nidodevacas.com.ar\/wp-content\/uploads\/2023\/02\/WhatsApp-Image-2023-02-28-at-10.06.06-300x225.jpeg 300w, https:\/\/nidodevacas.com.ar\/wp-content\/uploads\/2023\/02\/WhatsApp-Image-2023-02-28-at-10.06.06-600x451.jpeg 600w, https:\/\/nidodevacas.com.ar\/wp-content\/uploads\/2023\/02\/WhatsApp-Image-2023-02-28-at-10.06.06.jpeg 708w\" sizes=\"auto, (max-width: 300px) 100vw, 300px\" data-attachment-id=\"1465\" data-permalink=\"https:\/\/nidodevacas.com.ar\/?attachment_id=1465\" data-orig-file=\"https:\/\/nidodevacas.com.ar\/wp-content\/uploads\/2023\/02\/WhatsApp-Image-2023-02-28-at-10.06.06.jpeg\" data-orig-size=\"708,532\" data-comments-opened=\"1\" data-image-meta=\"{&quot;aperture&quot;:&quot;0&quot;,&quot;credit&quot;:&quot;&quot;,&quot;camera&quot;:&quot;&quot;,&quot;caption&quot;:&quot;&quot;,&quot;created_timestamp&quot;:&quot;0&quot;,&quot;copyright&quot;:&quot;&quot;,&quot;focal_length&quot;:&quot;0&quot;,&quot;iso&quot;:&quot;0&quot;,&quot;shutter_speed&quot;:&quot;0&quot;,&quot;title&quot;:&quot;&quot;,&quot;orientation&quot;:&quot;0&quot;}\" data-image-title=\"WhatsApp Image 2023-02-28 at 10.06.06\" data-image-description=\"\" data-image-caption=\"\" data-large-file=\"https:\/\/nidodevacas.com.ar\/wp-content\/uploads\/2023\/02\/WhatsApp-Image-2023-02-28-at-10.06.06.jpeg\" \/><\/a>\n\t\t\t<\/div><\/figure><figure class='gallery-item'>\n\t\t\t<div class='gallery-icon landscape'>\n\t\t\t\t<a href='https:\/\/nidodevacas.com.ar\/?attachment_id=1464'><img loading=\"lazy\" decoding=\"async\" width=\"300\" height=\"225\" src=\"https:\/\/nidodevacas.com.ar\/wp-content\/uploads\/2023\/02\/WhatsApp-Image-2023-02-28-at-10.07.12-300x225.jpeg\" class=\"attachment-medium size-medium\" alt=\"\" srcset=\"https:\/\/nidodevacas.com.ar\/wp-content\/uploads\/2023\/02\/WhatsApp-Image-2023-02-28-at-10.07.12-300x225.jpeg 300w, https:\/\/nidodevacas.com.ar\/wp-content\/uploads\/2023\/02\/WhatsApp-Image-2023-02-28-at-10.07.12-600x450.jpeg 600w, https:\/\/nidodevacas.com.ar\/wp-content\/uploads\/2023\/02\/WhatsApp-Image-2023-02-28-at-10.07.12-1024x769.jpeg 1024w, https:\/\/nidodevacas.com.ar\/wp-content\/uploads\/2023\/02\/WhatsApp-Image-2023-02-28-at-10.07.12-768x576.jpeg 768w, https:\/\/nidodevacas.com.ar\/wp-content\/uploads\/2023\/02\/WhatsApp-Image-2023-02-28-at-10.07.12-1536x1153.jpeg 1536w, https:\/\/nidodevacas.com.ar\/wp-content\/uploads\/2023\/02\/WhatsApp-Image-2023-02-28-at-10.07.12.jpeg 1600w\" sizes=\"auto, (max-width: 300px) 100vw, 300px\" data-attachment-id=\"1464\" data-permalink=\"https:\/\/nidodevacas.com.ar\/?attachment_id=1464\" data-orig-file=\"https:\/\/nidodevacas.com.ar\/wp-content\/uploads\/2023\/02\/WhatsApp-Image-2023-02-28-at-10.07.12.jpeg\" data-orig-size=\"1600,1201\" data-comments-opened=\"1\" data-image-meta=\"{&quot;aperture&quot;:&quot;0&quot;,&quot;credit&quot;:&quot;&quot;,&quot;camera&quot;:&quot;&quot;,&quot;caption&quot;:&quot;&quot;,&quot;created_timestamp&quot;:&quot;0&quot;,&quot;copyright&quot;:&quot;&quot;,&quot;focal_length&quot;:&quot;0&quot;,&quot;iso&quot;:&quot;0&quot;,&quot;shutter_speed&quot;:&quot;0&quot;,&quot;title&quot;:&quot;&quot;,&quot;orientation&quot;:&quot;0&quot;}\" data-image-title=\"WhatsApp Image 2023-02-28 at 10.07.12\" data-image-description=\"\" data-image-caption=\"\" data-large-file=\"https:\/\/nidodevacas.com.ar\/wp-content\/uploads\/2023\/02\/WhatsApp-Image-2023-02-28-at-10.07.12-1024x769.jpeg\" \/><\/a>\n\t\t\t<\/div><\/figure>\n\t\t<\/div>\n\n<p>En detalle, los anuncios ligados al \u201cPlan de Fortalecimiento del Libro y la Lectura\u201d comprenden:<\/p>\n<ul>\n<li><strong>PROGRAMAS DE APOYO.<\/strong> Apoyo a econ\u00f3mico a las ferias consolidadas y la creaci\u00f3n de Festival del libro.<\/li>\n<li><strong>COMPRA DE LIBROS.<\/strong> Destinados al sistema provincial de bibliotecas populares, casas de abrigos, centros culturales y el programa de entrega de viviendas de la Provincia.<\/li>\n<li><strong>INTERNACIONALIZACI\u00d3N DEL LIBRO.<\/strong> Por primera vez el sector editorial bonaerense participar\u00e1 de la Feria internacional del libro de Frankfurt.<\/li>\n<li><strong>ESCUELA DE LIBREROS Y EDITORES.<\/strong> Profesionalizaci\u00f3n del sector editorial y capacitaciones de apoyo a las librer\u00edas.<\/li>\n<li><strong>PRIMER FESTIVAL PROVINCIAL POES\u00cdA.<\/strong> Para visibilizar y estimular la producci\u00f3n po\u00e9tica de la provincia.<\/li>\n<li><strong>ENCUENTRO PROVINCIAL DE BIBLIOTECAS POPULARES<\/strong>. Reunir\u00e1 a m\u00e1s de 400 bibliotecas populares que integran el sistema provincial.<\/li>\n<li><strong>PROGRAMACI\u00d3N TERRITORIAL Y DESCENTRALIZADA.<\/strong> M\u00e1s de 600 actividades para promover la lectura y la escritura entre talleres, charlas, muestras itinerantes y espect\u00e1culos.<\/li>\n<\/ul>\n<p>&nbsp;<\/p>\n<p>Tras los anuncios oficiales, se concret\u00f3 una reuni\u00f3n especial con autoridades del \u00e1rea ligada a las editoriales, para analizar la actualidad del sector, exponer inquietudes y mantener abierto un canal de di\u00e1logo permanente entre el Estado y los distintos componentes de la cadena del libro.<\/p>\n<p>&nbsp;<\/p>\n","protected":false},"excerpt":{"rendered":"<p>El programa provincial estima una inversi\u00f3n de $210 millones en promoci\u00f3n, subsidios, apoyo a la realizaci\u00f3n de ferias del libro, capacitaciones y m\u00e1s de 600 actividades para impulsar cada uno de los sectores. <\/p>\n","protected":false},"author":3,"featured_media":1463,"comment_status":"open","ping_status":"open","sticky":false,"template":"","format":"standard","meta":{"_jetpack_memberships_contains_paid_content":false,"footnotes":""},"categories":[3],"tags":[48,110],"class_list":["post-1460","post","type-post","status-publish","format-standard","has-post-thumbnail","hentry","category-actualidad","tag-lectura","tag-planprovincialdelectura"],"jetpack_featured_media_url":"https:\/\/nidodevacas.com.ar\/wp-content\/uploads\/2023\/02\/WhatsApp-Image-2023-02-28-at-10.07.13.jpeg","jetpack_sharing_enabled":true,"_links":{"self":[{"href":"https:\/\/nidodevacas.com.ar\/index.php?rest_route=\/wp\/v2\/posts\/1460","targetHints":{"allow":["GET"]}}],"collection":[{"href":"https:\/\/nidodevacas.com.ar\/index.php?rest_route=\/wp\/v2\/posts"}],"about":[{"href":"https:\/\/nidodevacas.com.ar\/index.php?rest_route=\/wp\/v2\/types\/post"}],"author":[{"embeddable":true,"href":"https:\/\/nidodevacas.com.ar\/index.php?rest_route=\/wp\/v2\/users\/3"}],"replies":[{"embeddable":true,"href":"https:\/\/nidodevacas.com.ar\/index.php?rest_route=%2Fwp%2Fv2%2Fcomments&post=1460"}],"version-history":[{"count":2,"href":"https:\/\/nidodevacas.com.ar\/index.php?rest_route=\/wp\/v2\/posts\/1460\/revisions"}],"predecessor-version":[{"id":1467,"href":"https:\/\/nidodevacas.com.ar\/index.php?rest_route=\/wp\/v2\/posts\/1460\/revisions\/1467"}],"wp:featuredmedia":[{"embeddable":true,"href":"https:\/\/nidodevacas.com.ar\/index.php?rest_route=\/wp\/v2\/media\/1463"}],"wp:attachment":[{"href":"https:\/\/nidodevacas.com.ar\/index.php?rest_route=%2Fwp%2Fv2%2Fmedia&parent=1460"}],"wp:term":[{"taxonomy":"category","embeddable":true,"href":"https:\/\/nidodevacas.com.ar\/index.php?rest_route=%2Fwp%2Fv2%2Fcategories&post=1460"},{"taxonomy":"post_tag","embeddable":true,"href":"https:\/\/nidodevacas.com.ar\/index.php?rest_route=%2Fwp%2Fv2%2Ftags&post=1460"}],"curies":[{"name":"wp","href":"https:\/\/api.w.org\/{rel}","templated":true}]}}