{"id":1454,"date":"2023-02-24T07:52:31","date_gmt":"2023-02-24T10:52:31","guid":{"rendered":"http:\/\/188rutaeditorial.com.ar\/?p=1454"},"modified":"2023-02-24T07:55:33","modified_gmt":"2023-02-24T10:55:33","slug":"bar-minado-de-luna-piedras","status":"publish","type":"post","link":"https:\/\/nidodevacas.com.ar\/?p=1454","title":{"rendered":"\u00abBar minado\u00bb, de Luna Piedras"},"content":{"rendered":"<div class=\"wp-block-image\">\n<figure class=\"aligncenter size-large is-resized\"><img loading=\"lazy\" decoding=\"async\" data-attachment-id=\"1455\" data-permalink=\"https:\/\/nidodevacas.com.ar\/?attachment_id=1455\" data-orig-file=\"https:\/\/nidodevacas.com.ar\/wp-content\/uploads\/2023\/02\/10411520236_3f8e59c2e8_k.jpg\" data-orig-size=\"1536,2048\" data-comments-opened=\"1\" data-image-meta=\"{&quot;aperture&quot;:&quot;0&quot;,&quot;credit&quot;:&quot;&quot;,&quot;camera&quot;:&quot;&quot;,&quot;caption&quot;:&quot;&quot;,&quot;created_timestamp&quot;:&quot;0&quot;,&quot;copyright&quot;:&quot;&quot;,&quot;focal_length&quot;:&quot;0&quot;,&quot;iso&quot;:&quot;0&quot;,&quot;shutter_speed&quot;:&quot;0&quot;,&quot;title&quot;:&quot;&quot;,&quot;orientation&quot;:&quot;0&quot;}\" data-image-title=\"10411520236_3f8e59c2e8_k\" data-image-description=\"\" data-image-caption=\"\" data-large-file=\"https:\/\/nidodevacas.com.ar\/wp-content\/uploads\/2023\/02\/10411520236_3f8e59c2e8_k-768x1024.jpg\" src=\"http:\/\/188rutaeditorial.com.ar\/wp-content\/uploads\/2023\/02\/10411520236_3f8e59c2e8_k-768x1024.jpg\" alt=\"\" class=\"wp-image-1455\" width=\"576\" height=\"768\" srcset=\"https:\/\/nidodevacas.com.ar\/wp-content\/uploads\/2023\/02\/10411520236_3f8e59c2e8_k-768x1024.jpg 768w, https:\/\/nidodevacas.com.ar\/wp-content\/uploads\/2023\/02\/10411520236_3f8e59c2e8_k-600x800.jpg 600w, https:\/\/nidodevacas.com.ar\/wp-content\/uploads\/2023\/02\/10411520236_3f8e59c2e8_k-225x300.jpg 225w, https:\/\/nidodevacas.com.ar\/wp-content\/uploads\/2023\/02\/10411520236_3f8e59c2e8_k-1152x1536.jpg 1152w, https:\/\/nidodevacas.com.ar\/wp-content\/uploads\/2023\/02\/10411520236_3f8e59c2e8_k.jpg 1536w\" sizes=\"auto, (max-width: 576px) 100vw, 576px\" \/><\/figure>\n<\/div>\n\n\n<p class=\"has-medium-font-size\"><strong>Bar minado<\/strong><\/p>\n\n\n\n<p class=\"has-medium-font-size\"><em>por Luna Piedras*<\/em><\/p>\n\n\n\n<p class=\"has-medium-font-size\"><\/p>\n\n\n\n<p class=\"has-medium-font-size\">Y corr\u00ed, corr\u00ed como nunca antes en mi vida.<\/p>\n\n\n\n<p class=\"has-medium-font-size\">Sub\u00ed al auto y empec\u00e9 a manejar, ni siquiera lo sab\u00eda usar muy bien, hab\u00eda sacado la licencia la semana pasada, pero eso no me importaba, con mi cartelito de principiante s\u00f3lo sab\u00eda que ten\u00eda que irme y nunca volver.<\/p>\n\n\n\n<p class=\"has-medium-font-size\">Ten\u00eda las mangas manchadas por haberte tirado ese jarr\u00f3n, por ah\u00ed no te acord\u00e1s, el que me regalaste para mi cumplea\u00f1os. Bueno, yo s\u00ed me acuerdo, mi cumplea\u00f1os era el \u00fanico d\u00eda que te parec\u00eda importante, el \u00fanico d\u00eda del a\u00f1o que era diferente, despu\u00e9s de las fiestas, claro. Los domingos tambi\u00e9n eran algo especial, si quer\u00e9s llamarlo as\u00ed, ven\u00edan mis viejos a comer. A qui\u00e9n enga\u00f1o, todos los domingos eran igual de aburridos que los dem\u00e1s d\u00edas, nos faltaba ir a la iglesia nada m\u00e1s, pero no s\u00e9 por qu\u00e9 rezar\u00edamos.<\/p>\n\n\n\n<p class=\"has-medium-font-size\">La \u00faltima vez que fuimos a una iglesia, hace como cinco a\u00f1os, dijimos s\u00ed, \u201chasta que la muerte nos separe\u201d, y pareci\u00f3 que te lo tomaste muy en serio. Pero no te culpo, a m\u00ed tambi\u00e9n me gustaba la sortija y el cuadro enorme en el pasillo de entrada con la foto cortando la torta del casamiento. Pero la torta hab\u00eda quedado en la heladera, pudri\u00e9ndose. La \u00fanica vez que la probaste dijiste que estaba rica pero despu\u00e9s ni para merendar la sacabas, yo la congelaba y la descongelaba, cuando ven\u00edan visitas a cenar preguntabas si quer\u00edan un pedacito de torta para sac\u00e1rtela de encima.<\/p>\n\n\n\n<p class=\"has-medium-font-size\">Todav\u00eda me acuerdo el d\u00eda que nos conocimos, cuando chocaste el auto en la tranquera del bar de mis viejos, el mismo autito azul. Estaba lloviendo un mont\u00f3n y est\u00e1bamos por cerrar, hasta que escuchamos un ruido fuerte en la entrada. Justo esa tranquera te ten\u00edas que chocar de las ochenta que hab\u00eda, pero bueno al menos cog\u00edas bien. Despu\u00e9s el bar se convirti\u00f3 un tema clich\u00e9, toda nuestra relaci\u00f3n se basaba en un bar, \u201cel bar minado\u201d dec\u00edas vos cuando les contabas la misma historia a tus amigos, era como el sill\u00f3n en <em>Friends <\/em>pero m\u00e1s pesado.<\/p>\n\n\n\n<p class=\"has-medium-font-size\">Cuando me propusiste casamiento fue en el mismo bar, en la \u00e9poca que est\u00e1bamos de novios y vos ven\u00edas a ayudarme. Mis viejos estaban ese d\u00eda, y tambi\u00e9n los clientes, me sent\u00eda en mi propio cuento de hadas porque parec\u00eda la escena de una pel\u00edcula de amor, porque quer\u00edas demostrar en frente de todos cuanto me amabas. Ahora que lo pienso era una boludez, \u00bfqu\u00e9 hubieses hecho si yo dec\u00eda que no? Los fines de semana mir\u00e1bamos <em>A\u00f1o bisiesto<\/em>, siempre dec\u00edamos que era nuestra pel\u00edcula, porque hay un bar, obvio. La protagonista va a buscar a su enamorado al bar donde trabajaba despu\u00e9s de dejar a su novio, con la diferencia de que vos no me viniste a buscar, me parece que al final no me amabas hasta que la muerte nos separe. Mientras me tocaban bocina en el sem\u00e1foro en verde me puse a pensar en c\u00f3mo podr\u00eda romperte todos los vidrios del auto para despu\u00e9s volverlo a llevar a tu casa, como en el video ese de Taylor Swift. Mientras doblaba cada esquina me puse a pensar en todas las cosas que te podr\u00eda haber revoleado por la cabeza, ojal\u00e1 me hubiese ido antes y de paso me llevaba un cacho de torta.<\/p>\n\n\n\n<p class=\"has-medium-font-size\">Me top\u00e9 con la misma tranquera, en el mismo puto auto, con las mangas manchadas de sangre.<\/p>\n\n\n\n<p class=\"has-medium-font-size\">Me alegra que no me hayas venido a buscar, si no ibas a tener m\u00e1s historias del bar minado para contarle a tus amigos, pelotudo.<\/p>\n\n\n\n<p><\/p>\n\n\n\n<hr class=\"wp-block-separator has-alpha-channel-opacity\"\/>\n\n\n\n<p><\/p>\n\n\n\n<p class=\"has-small-font-size\">*<strong>Luna Piedras<\/strong> tiene 18 a\u00f1os y naci\u00f3 en Tres Arroyos, actualmente vive en la ciudad de La Plata. <\/p>\n\n\n\n<p class=\"has-small-font-size\">Contacto: IG @lunnaenvirgo_<\/p>\n\n\n\n<p class=\"has-small-font-size\">\u201cSiempre pude encontrarme a mi misma en la escritura y despu\u00e9s de un a\u00f1o donde tuve muchos cambios a nivel personal, me di la oportunidad de reencontrarme con esta parte de m\u00ed. Me gustar\u00eda que la gente pueda leer lo que escribo y poder transmitirles distintas emociones con los escenarios que intento describir\u201d.<\/p>\n\n\n\n<p>Foto de portada: \u00abtorta de casamiento\u00bb, Juan Carlos Piola en https:\/\/flickr.com\/photos\/50339785@N00\/<\/p>\n","protected":false},"excerpt":{"rendered":"<p>\u00abLa \u00faltima vez que fuimos a una iglesia, hace como cinco a\u00f1os, dijimos s\u00ed, \u201chasta que la muerte nos separe\u201d, y pareci\u00f3 que te lo tomaste muy en serio\u00bb. Un relato breve de una joven escritora de Tres Arroyos.<\/p>\n","protected":false},"author":1,"featured_media":1455,"comment_status":"open","ping_status":"open","sticky":false,"template":"","format":"standard","meta":{"_jetpack_memberships_contains_paid_content":false,"footnotes":""},"categories":[4],"tags":[32],"class_list":["post-1454","post","type-post","status-publish","format-standard","has-post-thumbnail","hentry","category-textos","tag-cuentos"],"jetpack_featured_media_url":"https:\/\/nidodevacas.com.ar\/wp-content\/uploads\/2023\/02\/10411520236_3f8e59c2e8_k.jpg","jetpack_sharing_enabled":true,"_links":{"self":[{"href":"https:\/\/nidodevacas.com.ar\/index.php?rest_route=\/wp\/v2\/posts\/1454","targetHints":{"allow":["GET"]}}],"collection":[{"href":"https:\/\/nidodevacas.com.ar\/index.php?rest_route=\/wp\/v2\/posts"}],"about":[{"href":"https:\/\/nidodevacas.com.ar\/index.php?rest_route=\/wp\/v2\/types\/post"}],"author":[{"embeddable":true,"href":"https:\/\/nidodevacas.com.ar\/index.php?rest_route=\/wp\/v2\/users\/1"}],"replies":[{"embeddable":true,"href":"https:\/\/nidodevacas.com.ar\/index.php?rest_route=%2Fwp%2Fv2%2Fcomments&post=1454"}],"version-history":[{"count":2,"href":"https:\/\/nidodevacas.com.ar\/index.php?rest_route=\/wp\/v2\/posts\/1454\/revisions"}],"predecessor-version":[{"id":1457,"href":"https:\/\/nidodevacas.com.ar\/index.php?rest_route=\/wp\/v2\/posts\/1454\/revisions\/1457"}],"wp:featuredmedia":[{"embeddable":true,"href":"https:\/\/nidodevacas.com.ar\/index.php?rest_route=\/wp\/v2\/media\/1455"}],"wp:attachment":[{"href":"https:\/\/nidodevacas.com.ar\/index.php?rest_route=%2Fwp%2Fv2%2Fmedia&parent=1454"}],"wp:term":[{"taxonomy":"category","embeddable":true,"href":"https:\/\/nidodevacas.com.ar\/index.php?rest_route=%2Fwp%2Fv2%2Fcategories&post=1454"},{"taxonomy":"post_tag","embeddable":true,"href":"https:\/\/nidodevacas.com.ar\/index.php?rest_route=%2Fwp%2Fv2%2Ftags&post=1454"}],"curies":[{"name":"wp","href":"https:\/\/api.w.org\/{rel}","templated":true}]}}