{"id":1300,"date":"2022-09-17T12:03:40","date_gmt":"2022-09-17T12:03:40","guid":{"rendered":"http:\/\/188rutaeditorial.com.ar\/?p=1300"},"modified":"2022-09-17T12:03:40","modified_gmt":"2022-09-17T12:03:40","slug":"filosofia-y-feminismo-danila-suarez-tome-visita-pergamino-rojas-y-junin","status":"publish","type":"post","link":"https:\/\/nidodevacas.com.ar\/?p=1300","title":{"rendered":"\u00abFilosof\u00eda y feminismo\u00bb: Danila Su\u00e1rez Tom\u00e9 visita Pergamino, Rojas y Jun\u00edn"},"content":{"rendered":"<h4 style=\"font-weight: 400;\">La fil\u00f3sofa y docente, autora del libro \u00abIntroducci\u00f3n a la teor\u00eda feminista\u00bb, publicado por Nido de Vacas, encabezar\u00e1 tres charlas debate los d\u00edas 23 y 24 de septiembre<\/h4>\n<p style=\"font-weight: 400;\">\n<div data-carousel-extra='{&quot;blog_id&quot;:1,&quot;permalink&quot;:&quot;https:\/\/nidodevacas.com.ar\/?p=1300&quot;}' id='gallery-1' class='gallery galleryid-1300 gallery-columns-3 gallery-size-medium'><figure class='gallery-item'>\n\t\t\t<div class='gallery-icon landscape'>\n\t\t\t\t<a href='https:\/\/nidodevacas.com.ar\/?attachment_id=1304'><img loading=\"lazy\" decoding=\"async\" width=\"300\" height=\"300\" src=\"https:\/\/nidodevacas.com.ar\/wp-content\/uploads\/2022\/09\/danihila-juan-b--300x300.png\" class=\"attachment-medium size-medium\" alt=\"\" srcset=\"https:\/\/nidodevacas.com.ar\/wp-content\/uploads\/2022\/09\/danihila-juan-b--300x300.png 300w, https:\/\/nidodevacas.com.ar\/wp-content\/uploads\/2022\/09\/danihila-juan-b--100x100.png 100w, https:\/\/nidodevacas.com.ar\/wp-content\/uploads\/2022\/09\/danihila-juan-b--600x599.png 600w, https:\/\/nidodevacas.com.ar\/wp-content\/uploads\/2022\/09\/danihila-juan-b--150x150.png 150w, https:\/\/nidodevacas.com.ar\/wp-content\/uploads\/2022\/09\/danihila-juan-b--768x767.png 768w, https:\/\/nidodevacas.com.ar\/wp-content\/uploads\/2022\/09\/danihila-juan-b-.png 1001w\" sizes=\"auto, (max-width: 300px) 100vw, 300px\" data-attachment-id=\"1304\" data-permalink=\"https:\/\/nidodevacas.com.ar\/?attachment_id=1304\" data-orig-file=\"https:\/\/nidodevacas.com.ar\/wp-content\/uploads\/2022\/09\/danihila-juan-b-.png\" data-orig-size=\"1001,1000\" data-comments-opened=\"1\" data-image-meta=\"{&quot;aperture&quot;:&quot;0&quot;,&quot;credit&quot;:&quot;&quot;,&quot;camera&quot;:&quot;&quot;,&quot;caption&quot;:&quot;&quot;,&quot;created_timestamp&quot;:&quot;0&quot;,&quot;copyright&quot;:&quot;&quot;,&quot;focal_length&quot;:&quot;0&quot;,&quot;iso&quot;:&quot;0&quot;,&quot;shutter_speed&quot;:&quot;0&quot;,&quot;title&quot;:&quot;&quot;,&quot;orientation&quot;:&quot;0&quot;}\" data-image-title=\"danihila juan b\" data-image-description=\"\" data-image-caption=\"\" data-large-file=\"https:\/\/nidodevacas.com.ar\/wp-content\/uploads\/2022\/09\/danihila-juan-b-.png\" \/><\/a>\n\t\t\t<\/div><\/figure><figure class='gallery-item'>\n\t\t\t<div class='gallery-icon landscape'>\n\t\t\t\t<a href='https:\/\/nidodevacas.com.ar\/?attachment_id=1303'><img loading=\"lazy\" decoding=\"async\" width=\"300\" height=\"300\" src=\"https:\/\/nidodevacas.com.ar\/wp-content\/uploads\/2022\/09\/danihila-instituto-5-300x300.png\" class=\"attachment-medium size-medium\" alt=\"\" srcset=\"https:\/\/nidodevacas.com.ar\/wp-content\/uploads\/2022\/09\/danihila-instituto-5-300x300.png 300w, https:\/\/nidodevacas.com.ar\/wp-content\/uploads\/2022\/09\/danihila-instituto-5-100x100.png 100w, https:\/\/nidodevacas.com.ar\/wp-content\/uploads\/2022\/09\/danihila-instituto-5-600x599.png 600w, https:\/\/nidodevacas.com.ar\/wp-content\/uploads\/2022\/09\/danihila-instituto-5-150x150.png 150w, https:\/\/nidodevacas.com.ar\/wp-content\/uploads\/2022\/09\/danihila-instituto-5-768x767.png 768w, https:\/\/nidodevacas.com.ar\/wp-content\/uploads\/2022\/09\/danihila-instituto-5.png 1001w\" sizes=\"auto, (max-width: 300px) 100vw, 300px\" data-attachment-id=\"1303\" data-permalink=\"https:\/\/nidodevacas.com.ar\/?attachment_id=1303\" data-orig-file=\"https:\/\/nidodevacas.com.ar\/wp-content\/uploads\/2022\/09\/danihila-instituto-5.png\" data-orig-size=\"1001,1000\" data-comments-opened=\"1\" data-image-meta=\"{&quot;aperture&quot;:&quot;0&quot;,&quot;credit&quot;:&quot;&quot;,&quot;camera&quot;:&quot;&quot;,&quot;caption&quot;:&quot;&quot;,&quot;created_timestamp&quot;:&quot;0&quot;,&quot;copyright&quot;:&quot;&quot;,&quot;focal_length&quot;:&quot;0&quot;,&quot;iso&quot;:&quot;0&quot;,&quot;shutter_speed&quot;:&quot;0&quot;,&quot;title&quot;:&quot;&quot;,&quot;orientation&quot;:&quot;0&quot;}\" data-image-title=\"danihila instituto 5\" data-image-description=\"\" data-image-caption=\"\" data-large-file=\"https:\/\/nidodevacas.com.ar\/wp-content\/uploads\/2022\/09\/danihila-instituto-5.png\" \/><\/a>\n\t\t\t<\/div><\/figure><figure class='gallery-item'>\n\t\t\t<div class='gallery-icon landscape'>\n\t\t\t\t<a href='https:\/\/nidodevacas.com.ar\/?attachment_id=1305'><img loading=\"lazy\" decoding=\"async\" width=\"300\" height=\"300\" src=\"https:\/\/nidodevacas.com.ar\/wp-content\/uploads\/2022\/09\/danihila-ennsna-300x300.png\" class=\"attachment-medium size-medium\" alt=\"\" srcset=\"https:\/\/nidodevacas.com.ar\/wp-content\/uploads\/2022\/09\/danihila-ennsna-300x300.png 300w, https:\/\/nidodevacas.com.ar\/wp-content\/uploads\/2022\/09\/danihila-ennsna-100x100.png 100w, https:\/\/nidodevacas.com.ar\/wp-content\/uploads\/2022\/09\/danihila-ennsna-600x599.png 600w, https:\/\/nidodevacas.com.ar\/wp-content\/uploads\/2022\/09\/danihila-ennsna-150x150.png 150w, https:\/\/nidodevacas.com.ar\/wp-content\/uploads\/2022\/09\/danihila-ennsna-768x767.png 768w, https:\/\/nidodevacas.com.ar\/wp-content\/uploads\/2022\/09\/danihila-ennsna.png 1001w\" sizes=\"auto, (max-width: 300px) 100vw, 300px\" data-attachment-id=\"1305\" data-permalink=\"https:\/\/nidodevacas.com.ar\/?attachment_id=1305\" data-orig-file=\"https:\/\/nidodevacas.com.ar\/wp-content\/uploads\/2022\/09\/danihila-ennsna.png\" data-orig-size=\"1001,1000\" data-comments-opened=\"1\" data-image-meta=\"{&quot;aperture&quot;:&quot;0&quot;,&quot;credit&quot;:&quot;&quot;,&quot;camera&quot;:&quot;&quot;,&quot;caption&quot;:&quot;&quot;,&quot;created_timestamp&quot;:&quot;0&quot;,&quot;copyright&quot;:&quot;&quot;,&quot;focal_length&quot;:&quot;0&quot;,&quot;iso&quot;:&quot;0&quot;,&quot;shutter_speed&quot;:&quot;0&quot;,&quot;title&quot;:&quot;&quot;,&quot;orientation&quot;:&quot;0&quot;}\" data-image-title=\"danihila ennsna\" data-image-description=\"\" data-image-caption=\"\" data-large-file=\"https:\/\/nidodevacas.com.ar\/wp-content\/uploads\/2022\/09\/danihila-ennsna.png\" \/><\/a>\n\t\t\t<\/div><\/figure>\n\t\t<\/div>\n\n<p>&nbsp;<\/p>\n<p style=\"font-weight: 400;\">En el marco de las actividades organizadas por el ciclo de jornadas <a href=\"https:\/\/www.facebook.com\/JornadasFilosoQue\"><strong>Filoso-Qu\u00e9?<\/strong><\/a>, los d\u00edas 23 y 24 de septiembre se realizar\u00e1n tres charla debate denominadas \u201cFilosof\u00eda y feminismo\u201d, a cargo de la fil\u00f3sofa<strong> Danila Su\u00e1rez Tom\u00e9<\/strong>, autora del libro <a href=\"http:\/\/188rutaeditorial.com.ar\/2022\/05\/18\/introduccion-a-la-teoria-feminista-danila-suarez-tome\/\"><strong>\u00abIntroducci\u00f3n a la teor\u00eda feminista\u00bb<\/strong><\/a>, que public\u00f3 este a\u00f1o la editorial Nido de Vacas<\/p>\n<p style=\"font-weight: 400;\">El primer encuentro ser\u00e1 el viernes 23 a las 10 hs en el ISFDyT N\u00b0 5 (Scalabrini Ortiz 472) de <strong>Pergamino<\/strong>, y ese mismo d\u00eda a las 19 hs replicar\u00e1 la actividad en el ISFDyT N\u00b0 125 (Lamadrid 282) de <strong>Rojas<\/strong>.<\/p>\n<p style=\"font-weight: 400;\">El s\u00e1bado 24, desde las 19 hs, la charla se trasladar\u00e1 a la Biblioteca Popular \u00abJuan B. Justo\u00bb (Pelegrini 76) de <strong>Jun\u00edn<\/strong>.<\/p>\n<p style=\"font-weight: 400;\">Estos encuentros\u00b4cuentan con el auspicio de la Secretar\u00eda de Cultura del Municipio de Rojas, y son de car\u00e1cter libre, gratuito y abierto a la comunidad (no hacen falta conocimientos previos para participar).<\/p>\n<p style=\"font-weight: 400; text-align: center;\"><strong>***<\/strong><\/p>\n<p style=\"font-weight: 400;\"><a href=\"https:\/\/www.instagram.com\/danihila\/\"><strong>Danila Su\u00e1rez Tom\u00e9<\/strong><\/a> (Wilde, 1985) estudi\u00f3 y se doctor\u00f3 en Filosof\u00eda en la Universidad de Buenos Aires. Trabaja como docente e investigadora en la misma universidad y para el CONICET. Tambi\u00e9n es docente en EcoFeminita y en el C.C. Tierra Violeta. Public\u00f3 su tesis doctoral \u201cEl m\u00e9todo ontofenomenol\u00f3gico existencial del estudio de la subjetividad en Jean-Paul Sartre\u201d, el libro compilatorio \u201cFeminismos: intervenciones textuales\u201d junto a Diana Maff\u00eda, y el cuadernillo \u201cDiana Maff\u00eda. Material de lectura\u201d. En 2022 public\u00f3 los libros <strong>\u00abIntroducci\u00f3n a la teor\u00eda feminista\u00bb<\/strong> (<strong><a href=\"http:\/\/188rutaeditorial.com.ar\/author\/rojas_editor\/\">Nido de Vacas<\/a><\/strong>) y \u00abSimone de Beauvoir. Fil\u00f3sofa de la libertad\u00bb(Galerna). Es creadora de los podcasts \u201cPeripat\u00e9ticas\u201d y \u201cOcultonas\u201d.<\/p>\n<p style=\"font-weight: 400;\"><strong>Filoso-Qu\u00e9?<\/strong>\u00a0es un ciclo de charlas de filosof\u00eda para todo p\u00fablico, que desde el a\u00f1o 2016 ha organizado\u00a0m\u00e1s de treinta jornadas\u00a0en Rojas y municipios aleda\u00f1os,\u00a0en las que distintos pensadores y pensadoras han compartido sus reflexiones y recorridos. Adem\u00e1s, desde 2018 junto a la editorial Nido de Vacas sostiene una colecci\u00f3n de libros de filosof\u00eda que tiene como objetivo profundizar y consolidar en el tiempo el trabajo realizado en dichas actividades.<\/p>\n<p>&nbsp;<\/p>\n","protected":false},"excerpt":{"rendered":"<p>La fil\u00f3sofa y docente, autora del libro \u00abIntroducci\u00f3n a la teor\u00eda feminista\u00bb, publicado por Nido de Vacas, encabezar\u00e1 tres charlas debate los d\u00edas viernes 23 en Pergamino y Rojas, y s\u00e1bado 24 en Jun\u00edn.<\/p>\n","protected":false},"author":3,"featured_media":1301,"comment_status":"open","ping_status":"open","sticky":false,"template":"","format":"standard","meta":{"_jetpack_memberships_contains_paid_content":false,"footnotes":""},"categories":[3],"tags":[71,17,18],"class_list":["post-1300","post","type-post","status-publish","format-standard","has-post-thumbnail","hentry","category-actualidad","tag-feminismo","tag-filosofia","tag-filosoque"],"jetpack_featured_media_url":"https:\/\/nidodevacas.com.ar\/wp-content\/uploads\/2022\/09\/danihila-portada.png","jetpack_sharing_enabled":true,"_links":{"self":[{"href":"https:\/\/nidodevacas.com.ar\/index.php?rest_route=\/wp\/v2\/posts\/1300","targetHints":{"allow":["GET"]}}],"collection":[{"href":"https:\/\/nidodevacas.com.ar\/index.php?rest_route=\/wp\/v2\/posts"}],"about":[{"href":"https:\/\/nidodevacas.com.ar\/index.php?rest_route=\/wp\/v2\/types\/post"}],"author":[{"embeddable":true,"href":"https:\/\/nidodevacas.com.ar\/index.php?rest_route=\/wp\/v2\/users\/3"}],"replies":[{"embeddable":true,"href":"https:\/\/nidodevacas.com.ar\/index.php?rest_route=%2Fwp%2Fv2%2Fcomments&post=1300"}],"version-history":[{"count":3,"href":"https:\/\/nidodevacas.com.ar\/index.php?rest_route=\/wp\/v2\/posts\/1300\/revisions"}],"predecessor-version":[{"id":1307,"href":"https:\/\/nidodevacas.com.ar\/index.php?rest_route=\/wp\/v2\/posts\/1300\/revisions\/1307"}],"wp:featuredmedia":[{"embeddable":true,"href":"https:\/\/nidodevacas.com.ar\/index.php?rest_route=\/wp\/v2\/media\/1301"}],"wp:attachment":[{"href":"https:\/\/nidodevacas.com.ar\/index.php?rest_route=%2Fwp%2Fv2%2Fmedia&parent=1300"}],"wp:term":[{"taxonomy":"category","embeddable":true,"href":"https:\/\/nidodevacas.com.ar\/index.php?rest_route=%2Fwp%2Fv2%2Fcategories&post=1300"},{"taxonomy":"post_tag","embeddable":true,"href":"https:\/\/nidodevacas.com.ar\/index.php?rest_route=%2Fwp%2Fv2%2Ftags&post=1300"}],"curies":[{"name":"wp","href":"https:\/\/api.w.org\/{rel}","templated":true}]}}